{"id":9502,"date":"2024-11-12T08:13:16","date_gmt":"2024-11-12T07:13:16","guid":{"rendered":"https:\/\/bd-chroniques.be\/?p=9502"},"modified":"2024-11-12T08:18:26","modified_gmt":"2024-11-12T07:18:26","slug":"christian-godard-a-rejoint-jerome-tres-loin-tres-loin-dici","status":"publish","type":"post","link":"https:\/\/bd-chroniques.be\/index.php\/2024\/11\/12\/christian-godard-a-rejoint-jerome-tres-loin-tres-loin-dici\/","title":{"rendered":"Christian Godard a rejoint J\u00e9r\u00f4me, tr\u00e8s loin, tr\u00e8s loin d\u2019ici\u2026"},"content":{"rendered":"\n<p>Je suis amoureux de la bd, depuis toujours me semble-t-il, et quelques s\u00e9ries de mon enfance et de ma jeunesse m\u2019ont marqu\u00e9 \u00e0 tout jamais. Martin Milan en fait intimement partie\u2026<\/p>\n\n\n<div class=\"wp-block-image\">\n<figure class=\"aligncenter size-large\"><img data-recalc-dims=\"1\" loading=\"lazy\" decoding=\"async\" width=\"749\" height=\"1024\" src=\"https:\/\/i0.wp.com\/bd-chroniques.be\/wp-content\/uploads\/2024\/11\/godard2.jpg?resize=749%2C1024&#038;ssl=1\" alt=\"\" class=\"wp-image-9504\" srcset=\"https:\/\/i0.wp.com\/bd-chroniques.be\/wp-content\/uploads\/2024\/11\/godard2-scaled.jpg?resize=749%2C1024&amp;ssl=1 749w, https:\/\/i0.wp.com\/bd-chroniques.be\/wp-content\/uploads\/2024\/11\/godard2-scaled.jpg?resize=219%2C300&amp;ssl=1 219w, https:\/\/i0.wp.com\/bd-chroniques.be\/wp-content\/uploads\/2024\/11\/godard2-scaled.jpg?resize=768%2C1050&amp;ssl=1 768w, https:\/\/i0.wp.com\/bd-chroniques.be\/wp-content\/uploads\/2024\/11\/godard2-scaled.jpg?resize=1123%2C1536&amp;ssl=1 1123w, https:\/\/i0.wp.com\/bd-chroniques.be\/wp-content\/uploads\/2024\/11\/godard2-scaled.jpg?resize=1497%2C2048&amp;ssl=1 1497w, https:\/\/i0.wp.com\/bd-chroniques.be\/wp-content\/uploads\/2024\/11\/godard2-scaled.jpg?w=1872&amp;ssl=1 1872w\" sizes=\"auto, (max-width: 749px) 100vw, 749px\" \/><figcaption class=\"wp-element-caption\">copyright godard<\/figcaption><\/figure>\n<\/div>\n\n\n<p>Certains sont des enfants de&nbsp;la t\u00e9l\u00e9, moi je suis enfant des livres\u2026 Un peu de Bob Morane, beaucoup de la collection Signe de Piste, de Pierre Pelot. Et puis, depuis mes premi\u00e8res ann\u00e9es, enfant de la bande dessin\u00e9e!<\/p>\n\n\n\n<p>A 19 ans, devenu Ak\u00e9la \u00e0 la 31<sup>\u00e8me<\/sup> A, il m\u2019est venu une \u00e9trange id\u00e9e&nbsp;: organiser des camps, totalement, de jeu en jeu, de veill\u00e9e en veill\u00e9e, autour d\u2019une bd\u2026 C\u2019est ainsi que, novateur je pense, deux camps se sont suivis qui m\u2019ont laiss\u00e9 des souvenirs profonds, et qui, je l\u2019esp\u00e8re, ont fait de m\u00eame avec les m\u00f4mes dont je m\u2019occupais (avec un staff d\u2019amis, bien s\u00fbr\u2026). Un camp tout autour de Chevalier Ardent, de Fran\u00e7ois Craenhals, et un autre autour du personnage de Martin Milan.<\/p>\n\n\n\n<p>A l\u2019\u00e9poque, pas de sms, pas d\u2019internet, mais le t\u00e9l\u00e9phone, le courrier, le vrai\u2026 C\u2019est de cette mani\u00e8re que j\u2019avais contact\u00e9 Godard, lui demandant si, par hasard, il aurait des posters, que sais-je encore, pour accompagner ces dix jours de camp.<\/p>\n\n\n\n<p>Et j\u2019ai re\u00e7u bien des choses, des \u00ab&nbsp;bleus&nbsp;\u00bb, des affiches, des petits posters, que sais-je encore\u2026 Et une bd d\u00e9dicac\u00e9e pour chaque louveteau&nbsp;!<\/p>\n\n\n\n<p>Je vous parle d\u2019un temps sans pol\u00e9mique, un temps \u00e9clair\u00e9 par la simple gentillesse d\u2019auteurs qui, peu \u00e0 peu, marquaient de leur empreinte la grande Histoire du neuvi\u00e8me art.<\/p>\n\n\n<div class=\"wp-block-image\">\n<figure class=\"aligncenter size-large\"><img data-recalc-dims=\"1\" loading=\"lazy\" decoding=\"async\" width=\"768\" height=\"395\" src=\"https:\/\/i0.wp.com\/bd-chroniques.be\/wp-content\/uploads\/2024\/11\/godard3.jpg?resize=768%2C395&#038;ssl=1\" alt=\"\" class=\"wp-image-9505\" srcset=\"https:\/\/i0.wp.com\/bd-chroniques.be\/wp-content\/uploads\/2024\/11\/godard3.jpg?resize=1024%2C527&amp;ssl=1 1024w, https:\/\/i0.wp.com\/bd-chroniques.be\/wp-content\/uploads\/2024\/11\/godard3.jpg?resize=300%2C154&amp;ssl=1 300w, https:\/\/i0.wp.com\/bd-chroniques.be\/wp-content\/uploads\/2024\/11\/godard3.jpg?resize=768%2C395&amp;ssl=1 768w, https:\/\/i0.wp.com\/bd-chroniques.be\/wp-content\/uploads\/2024\/11\/godard3.jpg?resize=1536%2C791&amp;ssl=1 1536w, https:\/\/i0.wp.com\/bd-chroniques.be\/wp-content\/uploads\/2024\/11\/godard3.jpg?w=1750&amp;ssl=1 1750w\" sizes=\"auto, (max-width: 768px) 100vw, 768px\" \/><figcaption class=\"wp-element-caption\">copyright godard<\/figcaption><\/figure>\n<\/div>\n\n\n<p>Parce que Christian Godard, c\u2019est bien cela&nbsp;: un artiste qui a chang\u00e9 les horizons de la bande dessin\u00e9e avec des personnages dont on peut dire, sans se tromper, qu\u2019ils furent et restent de superbes anti-h\u00e9ros&nbsp;: Martin Milan, Norbert et Kari\u2026 Des anti-h\u00e9ros, oui, qui regardaient le monde qui les entoure avec d\u00e9sillusion, avec humour, avec tendresse, avec col\u00e8re\u2026 Et avec une infinie po\u00e9sie&nbsp;!<\/p>\n\n\n<div class=\"wp-block-image\">\n<figure class=\"aligncenter size-full\"><img data-recalc-dims=\"1\" loading=\"lazy\" decoding=\"async\" width=\"500\" height=\"653\" src=\"https:\/\/i0.wp.com\/bd-chroniques.be\/wp-content\/uploads\/2024\/11\/godard4-1.jpg?resize=500%2C653&#038;ssl=1\" alt=\"\" class=\"wp-image-9507\" srcset=\"https:\/\/i0.wp.com\/bd-chroniques.be\/wp-content\/uploads\/2024\/11\/godard4-1.jpg?w=500&amp;ssl=1 500w, https:\/\/i0.wp.com\/bd-chroniques.be\/wp-content\/uploads\/2024\/11\/godard4-1.jpg?resize=230%2C300&amp;ssl=1 230w\" sizes=\"auto, (max-width: 500px) 100vw, 500px\" \/><figcaption class=\"wp-element-caption\">copyright godard<\/figcaption><\/figure>\n<\/div>\n\n\n<p>Quand je dis que Godard a particip\u00e9 pleinement \u00e0 l\u2019\u00e9volution de la bd, c\u2019est une v\u00e9rit\u00e9 \u00e9vidente quand on regarde, m\u00eame de loin, tout ce qu\u2019il y a r\u00e9alis\u00e9, cr\u00e9\u00e9\u2026<\/p>\n\n\n\n<p>Ses d\u00e9buts datent de l\u2019ann\u00e9e 1954\u2026 Ann\u00e9e de ma naissance, hasard du temps qui fuit\u2026<\/p>\n\n\n\n<p>Ses d\u00e9buts l\u2019ont vu se balader dans pratiquement tous les p\u00e9riodiques pour jeunesse qui existaient, et ils \u00e9taient nombreux\u2026 \u00ab&nbsp;Fillette&nbsp;\u00bb, Francs-jeux&nbsp;\u00bb, \u00ab&nbsp;Lisette&nbsp;\u00bb, \u00ab&nbsp;Coq Hardi&nbsp;\u00bb, que sais-je encore, ont ainsi accueilli ses premi\u00e8res bandes dessin\u00e9es, dans lesquelles l\u2019humour \u00e9tait totalement pr\u00e9sent. L\u2019humour et l\u2019aventure, d\u00e9j\u00e0 un peu d\u00e9cal\u00e9e\u2026<\/p>\n\n\n\n<p>Il a par exemple pris la suite de Will pour une s\u00e9rie qui paraissait dans Paris Flirt, \u00ab&nbsp;Lili Mannequin&nbsp;\u00bb. Et qui \u00e9tait, excusez du peu, sc\u00e9naris\u00e9e par Goscinny.<\/p>\n\n\n\n<p>Goscinny, ainsi, qui fut le premier, sans doute, \u00e0 permettre \u00e0 Godard de quitter quelque peu le carcan bien-pensant des petits mickeys\u2026 Il y eut d\u2019autres compagnons de route, Charlier entre autres, et, graphiquement, une influence qui a vite \u00e9volu\u00e9, celle de Greg, d\u2019Uderzo\u2026<\/p>\n\n\n<div class=\"wp-block-image\">\n<figure class=\"aligncenter size-full\"><img data-recalc-dims=\"1\" loading=\"lazy\" decoding=\"async\" width=\"768\" height=\"667\" src=\"https:\/\/i0.wp.com\/bd-chroniques.be\/wp-content\/uploads\/2024\/11\/godard5.jpeg?resize=768%2C667&#038;ssl=1\" alt=\"\" class=\"wp-image-9508\" srcset=\"https:\/\/i0.wp.com\/bd-chroniques.be\/wp-content\/uploads\/2024\/11\/godard5.jpeg?w=921&amp;ssl=1 921w, https:\/\/i0.wp.com\/bd-chroniques.be\/wp-content\/uploads\/2024\/11\/godard5.jpeg?resize=300%2C261&amp;ssl=1 300w, https:\/\/i0.wp.com\/bd-chroniques.be\/wp-content\/uploads\/2024\/11\/godard5.jpeg?resize=768%2C667&amp;ssl=1 768w\" sizes=\"auto, (max-width: 768px) 100vw, 768px\" \/><figcaption class=\"wp-element-caption\">copyright godard<\/figcaption><\/figure>\n<\/div>\n\n\n<p>Et puis, il y a eu Vaillant, Pilote, Tintin, Spirou, en une \u00e9poque o\u00f9 Godard s\u2019est lanc\u00e9 dans une carri\u00e8re multiforme&nbsp;: dessinateur, sc\u00e9nariste, auteur de th\u00e9\u00e2tre, et m\u00eame d\u2019une petite com\u00e9die musicale, complice aussi de quelques auteurs bienheureux de profiter de ses talents, de son imagination, de la force tranquille et toujours quelque peu provocatrice, de ses histoires. Il y a m\u00eame eu un roman policier passionnant\u2026 Un seul, malheureusement\u2026<\/p>\n\n\n<div class=\"wp-block-image\">\n<figure class=\"aligncenter size-full\"><img data-recalc-dims=\"1\" loading=\"lazy\" decoding=\"async\" width=\"434\" height=\"697\" src=\"https:\/\/i0.wp.com\/bd-chroniques.be\/wp-content\/uploads\/2024\/11\/godard6-1.png?resize=434%2C697&#038;ssl=1\" alt=\"\" class=\"wp-image-9510\" srcset=\"https:\/\/i0.wp.com\/bd-chroniques.be\/wp-content\/uploads\/2024\/11\/godard6-1.png?w=434&amp;ssl=1 434w, https:\/\/i0.wp.com\/bd-chroniques.be\/wp-content\/uploads\/2024\/11\/godard6-1.png?resize=187%2C300&amp;ssl=1 187w\" sizes=\"auto, (max-width: 434px) 100vw, 434px\" \/><figcaption class=\"wp-element-caption\">copyright godard<\/figcaption><\/figure>\n<\/div>\n\n\n<p>Je ne vais pas essayer de vous faire ici la liste exhaustive des albums dans lesquelles son nom est mis en \u00e9vidence\u2026 Ce serait impossible, tant Godard s\u2019est amus\u00e9 \u00e0 toucher \u00e0 tous les styles, avec, presque \u00e0 chaque fois, une vraie r\u00e9ussite\u2026 En voici quelques exemples\u2026<\/p>\n\n\n<div class=\"wp-block-image\">\n<figure class=\"aligncenter size-full\"><img data-recalc-dims=\"1\" loading=\"lazy\" decoding=\"async\" width=\"670\" height=\"287\" src=\"https:\/\/i0.wp.com\/bd-chroniques.be\/wp-content\/uploads\/2024\/11\/GODARD7.jpg?resize=670%2C287&#038;ssl=1\" alt=\"\" class=\"wp-image-9512\" srcset=\"https:\/\/i0.wp.com\/bd-chroniques.be\/wp-content\/uploads\/2024\/11\/GODARD7.jpg?w=670&amp;ssl=1 670w, https:\/\/i0.wp.com\/bd-chroniques.be\/wp-content\/uploads\/2024\/11\/GODARD7.jpg?resize=300%2C129&amp;ssl=1 300w\" sizes=\"auto, (max-width: 670px) 100vw, 670px\" \/><figcaption class=\"wp-element-caption\">copyright godard<\/figcaption><\/figure>\n<\/div>\n\n\n<p>Norbert et Kari d\u00e8s 1963\u2026 Martin Milan, d\u00e8s 1967\u2026<\/p>\n\n\n\n<p>Et comme sc\u00e9nariste&nbsp;: \u00ab&nbsp;La jungle en folie&nbsp;\u00bb, d\u00e8s 1973, avec Mic Delinx au dessin, \u00ab&nbsp;Le vagabond des limbes&nbsp;\u00bb, \u00e0 partir de 1975, une s\u00e9rie avec Ribera comme dessinateur, une s\u00e9rie qui, je l\u2019ai toujours pens\u00e9, faisait face \u00e0 Val\u00e9rian, et remportait la confrontation haut la main&nbsp;! Cette s\u00e9rie SF \u00e9tait, elle, originale, endiabl\u00e9e, brisant les st\u00e9r\u00e9otypes du genre, plus influenc\u00e9e par les th\u00e9matiques de Bradbury que par celles des codes am\u00e9ricanis\u00e9s de ce style litt\u00e9raire\u2026 &nbsp;<\/p>\n\n\n<div class=\"wp-block-image\">\n<figure class=\"aligncenter size-large\"><img data-recalc-dims=\"1\" loading=\"lazy\" decoding=\"async\" width=\"768\" height=\"1011\" src=\"https:\/\/i0.wp.com\/bd-chroniques.be\/wp-content\/uploads\/2024\/11\/GODARD8.jpg?resize=768%2C1011&#038;ssl=1\" alt=\"\" class=\"wp-image-9513\" srcset=\"https:\/\/i0.wp.com\/bd-chroniques.be\/wp-content\/uploads\/2024\/11\/GODARD8.jpg?resize=778%2C1024&amp;ssl=1 778w, https:\/\/i0.wp.com\/bd-chroniques.be\/wp-content\/uploads\/2024\/11\/GODARD8.jpg?resize=228%2C300&amp;ssl=1 228w, https:\/\/i0.wp.com\/bd-chroniques.be\/wp-content\/uploads\/2024\/11\/GODARD8.jpg?resize=768%2C1011&amp;ssl=1 768w, https:\/\/i0.wp.com\/bd-chroniques.be\/wp-content\/uploads\/2024\/11\/GODARD8.jpg?w=850&amp;ssl=1 850w\" sizes=\"auto, (max-width: 768px) 100vw, 768px\" \/><figcaption class=\"wp-element-caption\">copyright godard<\/figcaption><\/figure>\n<\/div>\n\n\n<p>Godard \u00e9tait touche-\u00e0-tout, oui, puisqu\u2019on l\u2019a vu, toujours comme sc\u00e9nariste, nous raconter les histoires de \u00ab&nbsp;Toupet&nbsp;\u00bb, de \u00ab&nbsp;Modeste et Pompon&nbsp;\u00bb, de \u00ab&nbsp;Ind\u00e9sirable D\u00e9sir\u00e9&nbsp;\u00bb\u2026 Ou, dans un univers bien plus sombre, travailler avec Clav\u00e9 sur \u00ab&nbsp;La bande \u00e0 Bonnot&nbsp;\u00bb entre autres\u2026<\/p>\n\n\n<div class=\"wp-block-image\">\n<figure class=\"aligncenter size-full\"><img data-recalc-dims=\"1\" loading=\"lazy\" decoding=\"async\" width=\"400\" height=\"545\" src=\"https:\/\/i0.wp.com\/bd-chroniques.be\/wp-content\/uploads\/2024\/11\/GODARD9.jpg?resize=400%2C545&#038;ssl=1\" alt=\"\" class=\"wp-image-9514\" srcset=\"https:\/\/i0.wp.com\/bd-chroniques.be\/wp-content\/uploads\/2024\/11\/GODARD9.jpg?w=400&amp;ssl=1 400w, https:\/\/i0.wp.com\/bd-chroniques.be\/wp-content\/uploads\/2024\/11\/GODARD9.jpg?resize=220%2C300&amp;ssl=1 220w\" sizes=\"auto, (max-width: 400px) 100vw, 400px\" \/><figcaption class=\"wp-element-caption\">copyright clav\u00e9 godard<\/figcaption><\/figure>\n<\/div>\n\n\n<p>Christian Godard, malgr\u00e9 cette carri\u00e8re exceptionnelle, tant par son ampleur que par sa qualit\u00e9 jamais trahie, a eu, certes, quelques prix\u2026 Mais ne se trouve pas, dans les \u0153uvres \u00ab&nbsp;s\u00e9rieuses&nbsp;\u00bb qui parlent de bd, \u00e0 sa place&nbsp;: celle d\u2019un cr\u00e9ateur qui a aim\u00e9 le neuvi\u00e8me art, qui en a fait, en \u00e9tant volontairement populaire, un regard aiguis\u00e9 pos\u00e9 sur la soci\u00e9t\u00e9 qui est la n\u00f4tre\u2026<\/p>\n\n\n<div class=\"wp-block-image\">\n<figure class=\"aligncenter size-full\"><img data-recalc-dims=\"1\" loading=\"lazy\" decoding=\"async\" width=\"768\" height=\"596\" src=\"https:\/\/i0.wp.com\/bd-chroniques.be\/wp-content\/uploads\/2024\/11\/godard1-1.jpg?resize=768%2C596&#038;ssl=1\" alt=\"\" class=\"wp-image-9515\" srcset=\"https:\/\/i0.wp.com\/bd-chroniques.be\/wp-content\/uploads\/2024\/11\/godard1-1.jpg?w=900&amp;ssl=1 900w, https:\/\/i0.wp.com\/bd-chroniques.be\/wp-content\/uploads\/2024\/11\/godard1-1.jpg?resize=300%2C233&amp;ssl=1 300w, https:\/\/i0.wp.com\/bd-chroniques.be\/wp-content\/uploads\/2024\/11\/godard1-1.jpg?resize=768%2C596&amp;ssl=1 768w\" sizes=\"auto, (max-width: 768px) 100vw, 768px\" \/><figcaption class=\"wp-element-caption\">copyright godard<\/figcaption><\/figure>\n<\/div>\n\n\n<p>Merci, monsieur Godard, de m\u2019avoir permis de grandir avec vous, de croiser vos pas\u2026<\/p>\n\n\n\n<p>Et que vous saluent, de l\u2019autre c\u00f4t\u00e9 de mes lectures, tous ces personnages que vous avez cr\u00e9\u00e9s et qui, chacun \u00e0 sa mani\u00e8re, vous ressemblent un peu&nbsp;!&#8230;<\/p>\n\n\n\n<p><strong>Jacques et Josiane Schra\u00fbwen<\/strong><\/p>\n\n\n\n<p>Et vous pouvez \u00e9couter <a href=\"https:\/\/bd-chroniques.be\/index.php\/2019\/02\/26\/martin-milan-pilote-davion-taxi-integrale-1\/\">Christian Godard <\/a>dans cette ancienne chronique&#8230; <\/p>\n\n\n\n<p><\/p>\n","protected":false},"excerpt":{"rendered":"<p>Je suis amoureux de la bd, depuis toujours me semble-t-il, et quelques s\u00e9ries de mon enfance et de ma jeunesse m\u2019ont marqu\u00e9 \u00e0 tout jamais. Martin Milan en fait intimement partie\u2026 Certains sont des enfants de&nbsp;la t\u00e9l\u00e9, moi je suis enfant des livres\u2026 Un peu de Bob Morane, beaucoup de la collection Signe de Piste, [&hellip;]<\/p>\n","protected":false},"author":1,"featured_media":9503,"comment_status":"open","ping_status":"open","sticky":false,"template":"","format":"standard","meta":{"jetpack_post_was_ever_published":false,"_jetpack_newsletter_access":"","_jetpack_dont_email_post_to_subs":false,"_jetpack_newsletter_tier_id":0,"_jetpack_memberships_contains_paywalled_content":false,"_jetpack_memberships_contains_paid_content":false,"footnotes":"","jetpack_publicize_message":"","jetpack_publicize_feature_enabled":true,"jetpack_social_post_already_shared":true,"jetpack_social_options":{"image_generator_settings":{"template":"highway","default_image_id":0,"font":"","enabled":false},"version":2}},"categories":[40],"tags":[],"class_list":["post-9502","post","type-post","status-publish","format-standard","has-post-thumbnail","hentry","category-non-classe"],"jetpack_publicize_connections":[],"jetpack_featured_media_url":"https:\/\/i0.wp.com\/bd-chroniques.be\/wp-content\/uploads\/2024\/11\/godard1.jpg?fit=900%2C698&ssl=1","jetpack_shortlink":"https:\/\/wp.me\/p8dqsu-2tg","jetpack_likes_enabled":true,"jetpack_sharing_enabled":true,"_links":{"self":[{"href":"https:\/\/bd-chroniques.be\/index.php\/wp-json\/wp\/v2\/posts\/9502","targetHints":{"allow":["GET"]}}],"collection":[{"href":"https:\/\/bd-chroniques.be\/index.php\/wp-json\/wp\/v2\/posts"}],"about":[{"href":"https:\/\/bd-chroniques.be\/index.php\/wp-json\/wp\/v2\/types\/post"}],"author":[{"embeddable":true,"href":"https:\/\/bd-chroniques.be\/index.php\/wp-json\/wp\/v2\/users\/1"}],"replies":[{"embeddable":true,"href":"https:\/\/bd-chroniques.be\/index.php\/wp-json\/wp\/v2\/comments?post=9502"}],"version-history":[{"count":6,"href":"https:\/\/bd-chroniques.be\/index.php\/wp-json\/wp\/v2\/posts\/9502\/revisions"}],"predecessor-version":[{"id":9520,"href":"https:\/\/bd-chroniques.be\/index.php\/wp-json\/wp\/v2\/posts\/9502\/revisions\/9520"}],"wp:featuredmedia":[{"embeddable":true,"href":"https:\/\/bd-chroniques.be\/index.php\/wp-json\/wp\/v2\/media\/9503"}],"wp:attachment":[{"href":"https:\/\/bd-chroniques.be\/index.php\/wp-json\/wp\/v2\/media?parent=9502"}],"wp:term":[{"taxonomy":"category","embeddable":true,"href":"https:\/\/bd-chroniques.be\/index.php\/wp-json\/wp\/v2\/categories?post=9502"},{"taxonomy":"post_tag","embeddable":true,"href":"https:\/\/bd-chroniques.be\/index.php\/wp-json\/wp\/v2\/tags?post=9502"}],"curies":[{"name":"wp","href":"https:\/\/api.w.org\/{rel}","templated":true}]}}