{"id":9585,"date":"2024-12-05T09:23:05","date_gmt":"2024-12-05T08:23:05","guid":{"rendered":"https:\/\/bd-chroniques.be\/?p=9585"},"modified":"2024-12-05T09:23:05","modified_gmt":"2024-12-05T08:23:05","slug":"les-notes-rouges-anna-et-dorian-frere-et-soeur-deux-destins-happes-par-la-guerre","status":"publish","type":"post","link":"https:\/\/bd-chroniques.be\/index.php\/2024\/12\/05\/les-notes-rouges-anna-et-dorian-frere-et-soeur-deux-destins-happes-par-la-guerre\/","title":{"rendered":"Les Notes Rouges \u2013 Anna et Dorian, fr\u00e8re et s\u0153ur, deux destins happ\u00e9s par la guerre"},"content":{"rendered":"\n<p>Au-del\u00e0 d\u2019un conflit qui, depuis des ann\u00e9es et des ann\u00e9es, n\u2019arr\u00eate pas de faire des \u00ab\u00a0petits\u00a0\u00bb, des \u00e9mules, ce livre \u00e9minemment graphique et po\u00e9tique nous parle d\u2019amour et d\u2019espoir.<\/p>\n\n\n<div class=\"wp-block-image\">\n<figure class=\"aligncenter size-full\"><img data-recalc-dims=\"1\" loading=\"lazy\" decoding=\"async\" width=\"480\" height=\"360\" src=\"https:\/\/i0.wp.com\/bd-chroniques.be\/wp-content\/uploads\/2024\/12\/image-4.png?resize=480%2C360&#038;ssl=1\" alt=\"\" class=\"wp-image-9587\" srcset=\"https:\/\/i0.wp.com\/bd-chroniques.be\/wp-content\/uploads\/2024\/12\/image-4.png?w=480&amp;ssl=1 480w, https:\/\/i0.wp.com\/bd-chroniques.be\/wp-content\/uploads\/2024\/12\/image-4.png?resize=300%2C225&amp;ssl=1 300w\" sizes=\"auto, (max-width: 480px) 100vw, 480px\" \/><figcaption class=\"wp-element-caption\">copyright delcourt<\/figcaption><\/figure>\n<\/div>\n\n\n<p>Les guerres semblent ne s\u2019arr\u00eater jamais\u2026 En parler, les raconter, c\u2019est souvent faire \u00e9talage de faits historiques, h\u00e9ro\u00efques, \u00e0 nouveau nationalistes \u00e0 leur mani\u00e8re. Je ne veux pas g\u00e9n\u00e9raliser, bien entendu, et je pense \u00e0 \u00e0 Tardi ou \u00e0 Jarbinet, \u00e0 d\u2019autres encore, qui s\u2019int\u00e9ressent plus \u00e0 l\u2019humain qu\u2019au seul conflit dans leurs albums.<\/p>\n\n\n\n<p>L\u2019humain\u2026<\/p>\n\n\n\n<p>Et il est vrai que m\u00eame face aux horreurs indicibles de la mort arm\u00e9e et id\u00e9ologique, l\u2019humanit\u00e9 trouve toujours \u00e0 se r\u00e9fugier dans, peut-\u00eatre pas l\u2019esp\u00e9rance, mais en tout cas l\u2019attente \u00e9veill\u00e9e\u2026<\/p>\n\n\n<div class=\"wp-block-image\">\n<figure class=\"aligncenter size-full\"><img data-recalc-dims=\"1\" loading=\"lazy\" decoding=\"async\" width=\"768\" height=\"1024\" src=\"https:\/\/i0.wp.com\/bd-chroniques.be\/wp-content\/uploads\/2024\/12\/image-5.png?resize=768%2C1024&#038;ssl=1\" alt=\"\" class=\"wp-image-9588\" srcset=\"https:\/\/i0.wp.com\/bd-chroniques.be\/wp-content\/uploads\/2024\/12\/image-5.png?w=768&amp;ssl=1 768w, https:\/\/i0.wp.com\/bd-chroniques.be\/wp-content\/uploads\/2024\/12\/image-5.png?resize=225%2C300&amp;ssl=1 225w\" sizes=\"auto, (max-width: 768px) 100vw, 768px\" \/><figcaption class=\"wp-element-caption\">copyright delcourt<\/figcaption><\/figure>\n<\/div>\n\n\n<p>Et c\u2019est d\u2019une telle attente que nous parle ce livre d\u2019une beaut\u00e9 \u00e9vidente, d\u2019une intelligence extr\u00eame, d\u2019une pudeur totale\u2026 En nous racontant, c\u00f4te \u00e0 c\u00f4te, deux destins intimement li\u00e9s. Anna et Dorian, pendant la guerre, sont s\u00e9par\u00e9s\u2026 Anna \u00e9chappe au nazisme et devient pianiste concertiste reconnue, connue. Quant \u00e0 Dorian, il se retrouve plong\u00e9, lui, dans l\u2019inacceptable, recueilli, gr\u00e2ce \u00e0 sa blondeur aryenne, par un haut grad\u00e9 nazi\u2026<\/p>\n\n\n<div class=\"wp-block-image\">\n<figure class=\"aligncenter size-full\"><img data-recalc-dims=\"1\" loading=\"lazy\" decoding=\"async\" width=\"759\" height=\"1024\" src=\"https:\/\/i0.wp.com\/bd-chroniques.be\/wp-content\/uploads\/2024\/12\/image-6.png?resize=759%2C1024&#038;ssl=1\" alt=\"\" class=\"wp-image-9589\" srcset=\"https:\/\/i0.wp.com\/bd-chroniques.be\/wp-content\/uploads\/2024\/12\/image-6.png?w=759&amp;ssl=1 759w, https:\/\/i0.wp.com\/bd-chroniques.be\/wp-content\/uploads\/2024\/12\/image-6.png?resize=222%2C300&amp;ssl=1 222w\" sizes=\"auto, (max-width: 759px) 100vw, 759px\" \/><figcaption class=\"wp-element-caption\">copyright delcourt<\/figcaption><\/figure>\n<\/div>\n\n\n<p>Le livre axe son propos, son r\u00e9cit, sur Anna\u2026 Anna qui s\u2019en revient, le temps d\u2019un concert, dans cette ville qui l\u2019a vue fuir loin de la guerre, dans cette ville o\u00f9 elle a perdu son petit fr\u00e8re\u2026 Un fr\u00e8re avec lequel elle vivait une v\u00e9ritable fusion d\u2019\u00e2me\u2026 Une fusion artistique, aussi\u2026 Anna avait la musique chevill\u00e9e \u00e0 l\u2019\u00e2me, et l\u2019\u00e2me de Dorian \u00e9tait, elle, envahie de mots et de po\u00e8mes. Anna n\u2019a jamais perdu l\u2019espoir d\u2019une retrouvaille. Dorian, lui, a v\u00e9cu des r\u00e9alit\u00e9s qui lui ont fait perdre de l\u2019espoir tous les go\u00fbts.<\/p>\n\n\n<div class=\"wp-block-image\">\n<figure class=\"aligncenter size-full\"><img data-recalc-dims=\"1\" loading=\"lazy\" decoding=\"async\" width=\"768\" height=\"1024\" src=\"https:\/\/i0.wp.com\/bd-chroniques.be\/wp-content\/uploads\/2024\/12\/image-7.png?resize=768%2C1024&#038;ssl=1\" alt=\"\" class=\"wp-image-9590\" srcset=\"https:\/\/i0.wp.com\/bd-chroniques.be\/wp-content\/uploads\/2024\/12\/image-7.png?w=768&amp;ssl=1 768w, https:\/\/i0.wp.com\/bd-chroniques.be\/wp-content\/uploads\/2024\/12\/image-7.png?resize=225%2C300&amp;ssl=1 225w\" sizes=\"auto, (max-width: 768px) 100vw, 768px\" \/><figcaption class=\"wp-element-caption\">copyright delcourt<\/figcaption><\/figure>\n<\/div>\n\n\n<p>Nadia Nakhl\u00e9, l\u2019autrice de cet album lumineux, nous plonge, lecteurs \u00e9tonn\u00e9s parfois, dans une narration d\u2019une puissance tranquille, d\u2019une lucidit\u00e9 sereine, malgr\u00e9 le propos de cette histoire qu\u2019elle nous raconte\u2026 On passe, de page en page, de construction bd presque classique, presque cin\u00e9matographique, en roman \u00e9pistolaire, on passe de partitions musicales dessin\u00e9es et pourtant vivantes \u00e0 des mots d\u2019enfance \u00e9blouie par ses joies comme par ses chagrins. Cette fa\u00e7on de nous parler d\u2019Anna et Dorian ressemble, d\u00e8s lors, \u00e0 un po\u00e8me musical, parfois terrible, parfois simplement \u00e9mouvant, que Nadia Nakhl\u00e9 met \u00e0 la fois en images et en musique\u2026<\/p>\n\n\n<div class=\"wp-block-image\">\n<figure class=\"aligncenter size-full\"><img data-recalc-dims=\"1\" loading=\"lazy\" decoding=\"async\" width=\"768\" height=\"1024\" src=\"https:\/\/i0.wp.com\/bd-chroniques.be\/wp-content\/uploads\/2024\/12\/image-8.png?resize=768%2C1024&#038;ssl=1\" alt=\"\" class=\"wp-image-9591\" srcset=\"https:\/\/i0.wp.com\/bd-chroniques.be\/wp-content\/uploads\/2024\/12\/image-8.png?w=768&amp;ssl=1 768w, https:\/\/i0.wp.com\/bd-chroniques.be\/wp-content\/uploads\/2024\/12\/image-8.png?resize=225%2C300&amp;ssl=1 225w\" sizes=\"auto, (max-width: 768px) 100vw, 768px\" \/><figcaption class=\"wp-element-caption\">copyright delcourt<\/figcaption><\/figure>\n<\/div>\n\n\n<p>Mais ne vous y trompez pas\u2026 Ce n\u2019est pas un \u00ab\u00a0roman graphique\u00a0\u00bb\u00a0! C\u2019est un album de bd, \u00e0 part enti\u00e8re, qui n\u2019a pas besoin d\u2019alibi pseudo-culturel pour \u00eatre une parfaite r\u00e9ussite\u00a0! C\u2019est une bd qui nous montre une r\u00e9alit\u00e9 trop souvent oubli\u00e9e lorsqu\u2019on parle de la guerre, des enfants, de leurs s\u00e9parations, et de ces gamins qui, par milliers, parce qu\u2019ils avaient des yeux bleus et des cheveux blonds, ont \u00e9t\u00e9 adopt\u00e9s par les bourreaux de leurs proches\u2026 Et c&rsquo;est un livre qui le fait, je le disais, avec une infinie pudeur\u2026 Sans m\u00e9lo, jamais, mais avec le rythme de l\u2019art et de l\u2019amour, tout au long des pages, en dessins comme en mots\u2026 Une r\u00e9ussite, incontestablement, un livre qui d\u00e9passe tous les clich\u00e9s pour nous placer, lecteurs \u00e9mus, en face de nos propres humanit\u00e9s\u2026<\/p>\n\n\n\n<p><strong>Jacques et Josiane Schra\u00fbwen<\/strong><\/p>\n\n\n\n<p><strong>Les Notes Rouges (autrice&nbsp;: Nadia Nakhl\u00e9 \u2013 \u00e9diteur&nbsp;: Delcourt\/Mirages \u2013 octobre 2024 \u2013 206 pages)<\/strong><\/p>\n","protected":false},"excerpt":{"rendered":"<p>Au-del\u00e0 d\u2019un conflit qui, depuis des ann\u00e9es et des ann\u00e9es, n\u2019arr\u00eate pas de faire des \u00ab\u00a0petits\u00a0\u00bb, des \u00e9mules, ce livre \u00e9minemment graphique et po\u00e9tique nous parle d\u2019amour et d\u2019espoir. Les guerres semblent ne s\u2019arr\u00eater jamais\u2026 En parler, les raconter, c\u2019est souvent faire \u00e9talage de faits historiques, h\u00e9ro\u00efques, \u00e0 nouveau nationalistes \u00e0 leur mani\u00e8re. Je ne [&hellip;]<\/p>\n","protected":false},"author":1,"featured_media":9586,"comment_status":"open","ping_status":"open","sticky":false,"template":"","format":"standard","meta":{"jetpack_post_was_ever_published":false,"_jetpack_newsletter_access":"","_jetpack_dont_email_post_to_subs":false,"_jetpack_newsletter_tier_id":0,"_jetpack_memberships_contains_paywalled_content":false,"_jetpack_memberships_contains_paid_content":false,"footnotes":"","jetpack_publicize_message":"","jetpack_publicize_feature_enabled":true,"jetpack_social_post_already_shared":true,"jetpack_social_options":{"image_generator_settings":{"template":"highway","default_image_id":0,"font":"","enabled":false},"version":2}},"categories":[40],"tags":[],"class_list":["post-9585","post","type-post","status-publish","format-standard","has-post-thumbnail","hentry","category-non-classe"],"jetpack_publicize_connections":[],"jetpack_featured_media_url":"https:\/\/i0.wp.com\/bd-chroniques.be\/wp-content\/uploads\/2024\/12\/notesrouges.jpeg?fit=1400%2C1860&ssl=1","jetpack_shortlink":"https:\/\/wp.me\/p8dqsu-2uB","jetpack_likes_enabled":true,"jetpack_sharing_enabled":true,"_links":{"self":[{"href":"https:\/\/bd-chroniques.be\/index.php\/wp-json\/wp\/v2\/posts\/9585","targetHints":{"allow":["GET"]}}],"collection":[{"href":"https:\/\/bd-chroniques.be\/index.php\/wp-json\/wp\/v2\/posts"}],"about":[{"href":"https:\/\/bd-chroniques.be\/index.php\/wp-json\/wp\/v2\/types\/post"}],"author":[{"embeddable":true,"href":"https:\/\/bd-chroniques.be\/index.php\/wp-json\/wp\/v2\/users\/1"}],"replies":[{"embeddable":true,"href":"https:\/\/bd-chroniques.be\/index.php\/wp-json\/wp\/v2\/comments?post=9585"}],"version-history":[{"count":1,"href":"https:\/\/bd-chroniques.be\/index.php\/wp-json\/wp\/v2\/posts\/9585\/revisions"}],"predecessor-version":[{"id":9592,"href":"https:\/\/bd-chroniques.be\/index.php\/wp-json\/wp\/v2\/posts\/9585\/revisions\/9592"}],"wp:featuredmedia":[{"embeddable":true,"href":"https:\/\/bd-chroniques.be\/index.php\/wp-json\/wp\/v2\/media\/9586"}],"wp:attachment":[{"href":"https:\/\/bd-chroniques.be\/index.php\/wp-json\/wp\/v2\/media?parent=9585"}],"wp:term":[{"taxonomy":"category","embeddable":true,"href":"https:\/\/bd-chroniques.be\/index.php\/wp-json\/wp\/v2\/categories?post=9585"},{"taxonomy":"post_tag","embeddable":true,"href":"https:\/\/bd-chroniques.be\/index.php\/wp-json\/wp\/v2\/tags?post=9585"}],"curies":[{"name":"wp","href":"https:\/\/api.w.org\/{rel}","templated":true}]}}