{"id":981,"date":"2017-09-06T11:39:37","date_gmt":"2017-09-06T09:39:37","guid":{"rendered":"http:\/\/bd-chroniques.be\/?p=981"},"modified":"2017-09-06T11:39:37","modified_gmt":"2017-09-06T09:39:37","slug":"vasco-28-i-pittori","status":"publish","type":"post","link":"https:\/\/bd-chroniques.be\/index.php\/2017\/09\/06\/vasco-28-i-pittori\/","title":{"rendered":"Vasco : 28. I Pittori"},"content":{"rendered":"<div class=\"rtbf-paragraph\">\n<p>D\u00e8s le titre et la couverture, le ton est donn\u00e9 : c\u2019est de\u00a0 peinture qu\u2019il s\u2019agit dans cet album aux d\u00e9cors somptueux et \u00e0 l\u2019intrigue historiquement fouill\u00e9e\u2026 Une excellente s\u00e9rie\u00a0\u00ab\u00a0classique\u00a0\u00bb, dans le bon sens du terme!<\/p>\n<p>&nbsp;<\/p>\n<\/div>\n<div class=\"rtbf-paragraph  clearfix\">\n<figure class=\"www-media custom_large www-media--last js-gallery-figure\"><a id=\"image-9183714\" class=\"www-media-fullscreen js-gallery-image\" href=\"https:\/\/i0.wp.com\/ds1.static.rtbf.be\/article\/image\/1240x800\/2\/5\/2\/b996a98621d52b61f91fe944bf1cbe73-1504687100.jpg?ssl=1\" target=\"_blank\" rel=\"noopener\" data-id=\"9183714\"><img data-recalc-dims=\"1\" decoding=\"async\" class=\"img-responsive www-img-full  lazyloaded\" title=\"Vasco\" src=\"https:\/\/i0.wp.com\/ds1.static.rtbf.be\/article\/image\/370xAuto\/2\/5\/2\/b996a98621d52b61f91fe944bf1cbe73-1504687100.jpg?w=768&#038;ssl=1\" sizes=\"(min-width: 1200px) calc(992px*0.66), (min-width: 992px) 66vw, 100vw\" srcset=\"https:\/\/ds1.static.rtbf.be\/article\/image\/370xAuto\/2\/5\/2\/b996a98621d52b61f91fe944bf1cbe73-1504687100.jpg 370w,https:\/\/ds1.static.rtbf.be\/article\/image\/770xAuto\/2\/5\/2\/b996a98621d52b61f91fe944bf1cbe73-1504687100.jpg 770w,https:\/\/ds1.static.rtbf.be\/article\/image\/1248xAuto\/2\/5\/2\/b996a98621d52b61f91fe944bf1cbe73-1504687100.jpg 1248w\" alt=\"Vasco\" data-sizes=\"(min-width: 1200px) calc(992px*0.66), (min-width: 992px) 66vw, 100vw\" data-srcset=\"https:\/\/ds1.static.rtbf.be\/article\/image\/370xAuto\/2\/5\/2\/b996a98621d52b61f91fe944bf1cbe73-1504687100.jpg 370w,https:\/\/ds1.static.rtbf.be\/article\/image\/770xAuto\/2\/5\/2\/b996a98621d52b61f91fe944bf1cbe73-1504687100.jpg 770w,https:\/\/ds1.static.rtbf.be\/article\/image\/1248xAuto\/2\/5\/2\/b996a98621d52b61f91fe944bf1cbe73-1504687100.jpg 1248w\" \/><\/a><figcaption class=\"www-media-caption\"><em><span class=\"www-media-caption__text\">Vasco &#8211; \u00a9 Le Lombard<\/span><\/em><\/figcaption><\/figure>\n<p>&nbsp;<\/p>\n<p>Le quatorzi\u00e8me si\u00e8cle italien est un si\u00e8cle pendant lequel l\u2019art pictural a connu une premi\u00e8re apog\u00e9e, avec des artistes comme Giotto. Dans l\u2019Italie fractionn\u00e9e de l\u2019\u00e9poque, le quatorzi\u00e8me si\u00e8cle fut aussi un long moment de luttes incessantes pour des pouvoirs politiques ou religieux, financiers ou militaires, toutes ces r\u00e9alit\u00e9s se m\u00ealant parfois en des manipulations particuli\u00e8rement retorses.<\/p>\n<p>Au creux de ces cent ans aux mille facettes, Vasco est une figure originale. Aventurier, certes, mais d\u2019une v\u00e9ritable culture, il poss\u00e8de une \u00e9thique qui lui permet de nouer des relations \u00e0 taille humaine tout en parvenant, par des chemins acceptables, aux buts qui sont les siens. Avec lui, on est en territoire connu et parfaitement codifi\u00e9 : celui des h\u00e9ros sans peur et sans reproche.<\/p>\n<p>Dans cet album-ci, il est mandat\u00e9, par son oncle pour acheter un tableau de l\u2019immense Giotto. Mais au-del\u00e0 de cette simple d\u00e9marche marchande vont se r\u00e9v\u00e9ler bien d\u2019autres n\u00e9cessit\u00e9s aventureuses ! Il y a le fr\u00e8re de Vasco, une belle et franche crapule, il y a une jeune femme dont le mariage impos\u00e9 servira \u00e0 des contrats bien plus qu\u2019\u00e0 de l\u2019amour, il y a de la violence, la pr\u00e9sence de la mort, et des paysages urbains \u00e0 couper le souffle.<\/p>\n<p>Avec ce Vasco, on se trouve face \u00e0 une sc\u00e8ne de th\u00e9\u00e2tre sur laquelle se jouent tous les sentiments humains, mais des sentiments exalt\u00e9s de bout en bout par un d\u00e9cor (Venise, par exemple\u2026) qui devient m\u00eame, \u00e0 certains moments, le personnage central, omnipr\u00e9sent en tout cas, de ce r\u00e9cit\u2026<\/p>\n<\/div>\n<h6 class=\"audio-player__title\">Luc R\u00e9villon: un sc\u00e9nario qui fait penser au th\u00e9\u00e2tre<\/h6>\n<audio class=\"wp-audio-shortcode\" id=\"audio-981-1\" preload=\"none\" style=\"width: 100%;\" controls=\"controls\"><source type=\"audio\/mpeg\" src=\"http:\/\/bd-chroniques.be\/wp-content\/uploads\/2017\/09\/KFS5QVJxF4.mp3?_=1\" \/><a href=\"http:\/\/bd-chroniques.be\/wp-content\/uploads\/2017\/09\/KFS5QVJxF4.mp3\">http:\/\/bd-chroniques.be\/wp-content\/uploads\/2017\/09\/KFS5QVJxF4.mp3<\/a><\/audio>\n<h6 class=\"audio-player__title\">Luc R\u00e9villon: D\u00e9paysement et r\u00e9f\u00e9rences<\/h6>\n<audio class=\"wp-audio-shortcode\" id=\"audio-981-2\" preload=\"none\" style=\"width: 100%;\" controls=\"controls\"><source type=\"audio\/mpeg\" src=\"http:\/\/bd-chroniques.be\/wp-content\/uploads\/2017\/09\/NaM64HlPSA.mp3?_=2\" \/><a href=\"http:\/\/bd-chroniques.be\/wp-content\/uploads\/2017\/09\/NaM64HlPSA.mp3\">http:\/\/bd-chroniques.be\/wp-content\/uploads\/2017\/09\/NaM64HlPSA.mp3<\/a><\/audio>\n<p>&nbsp;<\/p>\n<div class=\"rtbf-paragraph  clearfix\">\n<figure class=\"www-media custom_large www-media--last js-gallery-figure\"><a id=\"image-9183715\" class=\"www-media-fullscreen js-gallery-image\" href=\"https:\/\/i0.wp.com\/ds1.static.rtbf.be\/article\/image\/1240x800\/2\/9\/0\/83aef64ebf688d28835a30f460e39081-1504687259.jpg?ssl=1\" target=\"_blank\" rel=\"noopener\" data-id=\"9183715\"><img data-recalc-dims=\"1\" decoding=\"async\" class=\"img-responsive www-img-full  lazyloaded\" title=\"Vasco\" src=\"https:\/\/i0.wp.com\/ds1.static.rtbf.be\/article\/image\/370xAuto\/2\/9\/0\/83aef64ebf688d28835a30f460e39081-1504687259.jpg?w=768&#038;ssl=1\" sizes=\"(min-width: 1200px) calc(992px*0.66), (min-width: 992px) 66vw, 100vw\" srcset=\"https:\/\/ds1.static.rtbf.be\/article\/image\/370xAuto\/2\/9\/0\/83aef64ebf688d28835a30f460e39081-1504687259.jpg 370w,https:\/\/ds1.static.rtbf.be\/article\/image\/770xAuto\/2\/9\/0\/83aef64ebf688d28835a30f460e39081-1504687259.jpg 770w,https:\/\/ds1.static.rtbf.be\/article\/image\/1248xAuto\/2\/9\/0\/83aef64ebf688d28835a30f460e39081-1504687259.jpg 1248w\" alt=\"Vasco\" data-sizes=\"(min-width: 1200px) calc(992px*0.66), (min-width: 992px) 66vw, 100vw\" data-srcset=\"https:\/\/ds1.static.rtbf.be\/article\/image\/370xAuto\/2\/9\/0\/83aef64ebf688d28835a30f460e39081-1504687259.jpg 370w,https:\/\/ds1.static.rtbf.be\/article\/image\/770xAuto\/2\/9\/0\/83aef64ebf688d28835a30f460e39081-1504687259.jpg 770w,https:\/\/ds1.static.rtbf.be\/article\/image\/1248xAuto\/2\/9\/0\/83aef64ebf688d28835a30f460e39081-1504687259.jpg 1248w\" \/><\/a><figcaption class=\"www-media-caption\"><em><span class=\"www-media-caption__text\">Vasco &#8211; \u00a9 Le Lombard<\/span><\/em><\/figcaption><\/figure>\n<p>&nbsp;<\/p>\n<p>Bien entendu, dans cette bande dessin\u00e9e de facture totalement classique, et assum\u00e9e pleinement comme telle\u00a0d\u2019ailleurs, il y a de l\u2019aventure, il y a des r\u00eaves d\u2019amour, il y a le souffle \u00e9pique de qu\u00eates \u00e0\u00a0 la fois parall\u00e8les et concurrentes.<\/p>\n<p>Mais il y a surtout la pr\u00e9sence de l\u2019art, cet art\u00a0qui, ici, se r\u00e9v\u00e8le un peu comme dans cette fameuse \u00e9mission de t\u00e9l\u00e9, \u00a0\u00bb D\u2019art d\u2019art \u00ab\u00a0, c\u2019est-\u00e0-dire par le petit bout de la lorgnette, par l\u2019anecdote plut\u00f4t que par la renomm\u00e9e.<\/p>\n<p>A ce titre, des ponts incontestables existent entre le propos des auteurs de \u00a0\u00bb I Pittori \u00a0\u00bb et notre monde contemporain, un monde qui ne s\u2019int\u00e9resse au talent qu\u2019\u00e0 partir de l\u2019instant o\u00f9 la signature d\u2019un artiste peut se transformer en valeurs monnayables !<\/p>\n<p>D\u2019autres r\u00e9f\u00e9rences aux r\u00e9alit\u00e9s quotidiennes de nos \u00a0\u00bb aujourd\u2019hui \u00a0\u00bb \u00e9maillent \u00e9galement ce livre, comme la place de la femme, et ses r\u00e9voltes toujours n\u00e9cessaires de nos jours.<\/p>\n<p>Tout cela rend la lecture passionnante, int\u00e9ressante, culturelle et historique aussi\u2026 Une lecture qui reste un vrai plaisir, de bout en bout, par la lin\u00e9arit\u00e9 de la narration, par le charisme, \u00e9galement, de Vasco, et de son fr\u00e8re.<\/p>\n<p>M\u00eame si, pour \u00a0\u00bb entrer \u00ab\u00a0, en tant que lecteur, dans l\u2019histoire qui est racont\u00e9e, il faut a-priori une certaine dose de culture g\u00e9n\u00e9rale, il suffit ensuite de se laisser guider, de se laisser surprendre, de se laisser d\u00e9river par un sc\u00e9nario dont le d\u00e9roul\u00e9 parvient toujours \u00e0 laisser la place \u00e0 la fois \u00e0 l\u2019aventure et \u00e0\u00a0 la fois \u00e0 la culture.<\/p>\n<h6 class=\"audio-player__title\">Luc R\u00e9villon: l&rsquo;art<\/h6>\n<audio class=\"wp-audio-shortcode\" id=\"audio-981-3\" preload=\"none\" style=\"width: 100%;\" controls=\"controls\"><source type=\"audio\/mpeg\" src=\"http:\/\/bd-chroniques.be\/wp-content\/uploads\/2017\/09\/KNKcDjrLIL.mp3?_=3\" \/><a href=\"http:\/\/bd-chroniques.be\/wp-content\/uploads\/2017\/09\/KNKcDjrLIL.mp3\">http:\/\/bd-chroniques.be\/wp-content\/uploads\/2017\/09\/KNKcDjrLIL.mp3<\/a><\/audio>\n<\/div>\n<h6 class=\"audio-player__title\">Luc R\u00e9villon: les publics de Vasco<\/h6>\n<audio class=\"wp-audio-shortcode\" id=\"audio-981-4\" preload=\"none\" style=\"width: 100%;\" controls=\"controls\"><source type=\"audio\/mpeg\" src=\"http:\/\/bd-chroniques.be\/wp-content\/uploads\/2017\/09\/EcqLfqOU8S.mp3?_=4\" \/><a href=\"http:\/\/bd-chroniques.be\/wp-content\/uploads\/2017\/09\/EcqLfqOU8S.mp3\">http:\/\/bd-chroniques.be\/wp-content\/uploads\/2017\/09\/EcqLfqOU8S.mp3<\/a><\/audio>\n<p>&nbsp;<\/p>\n<div class=\"rtbf-paragraph  clearfix\">\n<figure class=\"www-media custom_large www-media--last js-gallery-figure\"><a id=\"image-9183717\" class=\"www-media-fullscreen js-gallery-image\" href=\"https:\/\/i0.wp.com\/ds1.static.rtbf.be\/article\/image\/1240x800\/4\/3\/0\/7510f38f23817a3bfceced08c2fc1ae7-1504687375.jpg?ssl=1\" target=\"_blank\" rel=\"noopener\" data-id=\"9183717\"><img data-recalc-dims=\"1\" decoding=\"async\" class=\"img-responsive www-img-full  lazyloaded\" title=\"vasco\" src=\"https:\/\/i0.wp.com\/ds1.static.rtbf.be\/article\/image\/370xAuto\/4\/3\/0\/7510f38f23817a3bfceced08c2fc1ae7-1504687375.jpg?w=768&#038;ssl=1\" sizes=\"(min-width: 1200px) calc(992px*0.66), (min-width: 992px) 66vw, 100vw\" srcset=\"https:\/\/ds1.static.rtbf.be\/article\/image\/370xAuto\/4\/3\/0\/7510f38f23817a3bfceced08c2fc1ae7-1504687375.jpg 370w,https:\/\/ds1.static.rtbf.be\/article\/image\/770xAuto\/4\/3\/0\/7510f38f23817a3bfceced08c2fc1ae7-1504687375.jpg 770w,https:\/\/ds1.static.rtbf.be\/article\/image\/1248xAuto\/4\/3\/0\/7510f38f23817a3bfceced08c2fc1ae7-1504687375.jpg 1248w\" alt=\"vasco\" data-sizes=\"(min-width: 1200px) calc(992px*0.66), (min-width: 992px) 66vw, 100vw\" data-srcset=\"https:\/\/ds1.static.rtbf.be\/article\/image\/370xAuto\/4\/3\/0\/7510f38f23817a3bfceced08c2fc1ae7-1504687375.jpg 370w,https:\/\/ds1.static.rtbf.be\/article\/image\/770xAuto\/4\/3\/0\/7510f38f23817a3bfceced08c2fc1ae7-1504687375.jpg 770w,https:\/\/ds1.static.rtbf.be\/article\/image\/1248xAuto\/4\/3\/0\/7510f38f23817a3bfceced08c2fc1ae7-1504687375.jpg 1248w\" \/><i class=\"ico ico-circle ico-stack-2x www-media-enlarge__bg\"><\/i><i class=\"ico ico-expand ico-stack-1x ico-inverse www-media-enlarge__icon\"><\/i><\/a><figcaption class=\"www-media-caption\"><em><span class=\"www-media-caption__text\">vasco &#8211; \u00a9 Le Lombard<\/span><\/em><\/figcaption><\/figure>\n<p>&nbsp;<\/p>\n<p>Les premiers Vasco \u00e9taient dessin\u00e9s par Gilles Chaillet, avec tout le talent qui \u00e9tait le sien, un talent indubitable quant \u00e0 la construction des d\u00e9cors urbains ou architecturaux. Dans la lign\u00e9e de Jacques Martin, donc d\u2019un classicisme \u00e9vident qui a cr\u00e9\u00e9 en son temps une bande dessin\u00e9e devenue depuis un neuvi\u00e8me art \u00e0 part enti\u00e8re, Gilles Chaillet a cr\u00e9\u00e9 une belle \u00e9pop\u00e9e dessin\u00e9e. Sa disparition aurait pu entra\u00eener la fin de la s\u00e9rie, mais il n\u2019en a rien \u00e9t\u00e9. Et Dominique Rousseau, l\u2019actuel dessinateur de Vasco, s\u2019inscrit dans une double d\u00e9marche : d\u2019une part, il y a la n\u00e9cessaire fid\u00e9lit\u00e9 \u00e0 ce qu\u2019\u00e9taient l\u2019art et le travail de Chaillet ; d\u2019autre part, il y a une mani\u00e8re diff\u00e9rente de raconter, graphiquement, une histoire. Rousseau, bien plus que son pr\u00e9d\u00e9cesseur, aime ses personnages, profond\u00e9ment, et son trait, d\u00e8s lors, ne se contente pas de magnifier des d\u00e9cors, mais il s\u2019approche du plus pr\u00e8s des visages et des gestes de ses protagonistes, leur offrant ainsi un v\u00e9ritable poids, une vraie pr\u00e9sence.<\/p>\n<h6 class=\"audio-player__title\">Luc R\u00e9villon: le dessin<\/h6>\n<div class=\"rtbf-article-main__audio\">\n<div id=\"audio-O\" class=\"rtbf-article-main__embed js-embed-audio\">\n<audio class=\"wp-audio-shortcode\" id=\"audio-981-5\" preload=\"none\" style=\"width: 100%;\" controls=\"controls\"><source type=\"audio\/mpeg\" src=\"http:\/\/bd-chroniques.be\/wp-content\/uploads\/2017\/09\/YShe6JAs1I.mp3?_=5\" \/><a href=\"http:\/\/bd-chroniques.be\/wp-content\/uploads\/2017\/09\/YShe6JAs1I.mp3\">http:\/\/bd-chroniques.be\/wp-content\/uploads\/2017\/09\/YShe6JAs1I.mp3<\/a><\/audio>\n<p>&nbsp;<\/p>\n<\/div>\n<\/div>\n<\/div>\n<div class=\"rtbf-paragraph  clearfix\">\n<figure class=\"www-media custom_large www-media--last js-gallery-figure\"><a id=\"image-9183719\" class=\"www-media-fullscreen js-gallery-image\" href=\"https:\/\/i0.wp.com\/ds1.static.rtbf.be\/article\/image\/1240x800\/3\/c\/7\/8c74d54cd90485251f55293c05f76b87-1504687455.jpg?ssl=1\" target=\"_blank\" rel=\"noopener\" data-id=\"9183719\"><img data-recalc-dims=\"1\" decoding=\"async\" class=\"img-responsive www-img-full  lazyloaded\" title=\"Vasco\" src=\"https:\/\/i0.wp.com\/ds1.static.rtbf.be\/article\/image\/370xAuto\/3\/c\/7\/8c74d54cd90485251f55293c05f76b87-1504687455.jpg?w=768&#038;ssl=1\" sizes=\"(min-width: 1200px) calc(992px*0.66), (min-width: 992px) 66vw, 100vw\" srcset=\"https:\/\/ds1.static.rtbf.be\/article\/image\/370xAuto\/3\/c\/7\/8c74d54cd90485251f55293c05f76b87-1504687455.jpg 370w,https:\/\/ds1.static.rtbf.be\/article\/image\/770xAuto\/3\/c\/7\/8c74d54cd90485251f55293c05f76b87-1504687455.jpg 770w,https:\/\/ds1.static.rtbf.be\/article\/image\/1248xAuto\/3\/c\/7\/8c74d54cd90485251f55293c05f76b87-1504687455.jpg 1248w\" alt=\"Vasco\" data-sizes=\"(min-width: 1200px) calc(992px*0.66), (min-width: 992px) 66vw, 100vw\" data-srcset=\"https:\/\/ds1.static.rtbf.be\/article\/image\/370xAuto\/3\/c\/7\/8c74d54cd90485251f55293c05f76b87-1504687455.jpg 370w,https:\/\/ds1.static.rtbf.be\/article\/image\/770xAuto\/3\/c\/7\/8c74d54cd90485251f55293c05f76b87-1504687455.jpg 770w,https:\/\/ds1.static.rtbf.be\/article\/image\/1248xAuto\/3\/c\/7\/8c74d54cd90485251f55293c05f76b87-1504687455.jpg 1248w\" \/><i class=\"ico ico-circle ico-stack-2x www-media-enlarge__bg\"><\/i><i class=\"ico ico-expand ico-stack-1x ico-inverse www-media-enlarge__icon\"><\/i><\/a><figcaption class=\"www-media-caption\"><em><span class=\"www-media-caption__text\">Vasco &#8211; \u00a9 Le Lombard<\/span><\/em><\/figcaption><\/figure>\n<p>&nbsp;<\/p>\n<p>Au total, Vasco reste une s\u00e9rie intelligente, culturelle, aux r\u00e9f\u00e9rences historiques ma\u00eetris\u00e9es, tant au niveau du texte que du dessin.<\/p>\n<p>Et ce \u00a0\u00bb I Pittori \u00a0\u00bb promet une suite dont on devine que les rebondissements, amoureux et aventuriers, \u00a0seront nombreux !<\/p>\n<p>Une r\u00e9ussite, donc, pour tous ceux qu\u2019une histoire solide et fouill\u00e9e ne rebutent pas !<\/p>\n<p>&nbsp;<\/p>\n<p><strong>Jacques Schra\u00fbwen<\/strong><\/p>\n<p><strong>Vasco : 28. I Pittori (dessin : Dominique Rousseau \u2013 sc\u00e9nario : Luc R\u00e9villon et Chantal Chaillet \u2013 couleurs : Chantal Chaillet \u2013 \u00e9diteur : Le Lombard)<\/strong><\/p>\n<\/div>\n","protected":false},"excerpt":{"rendered":"<p>D\u00e8s le titre et la couverture, le ton est donn\u00e9 : c\u2019est de\u00a0 peinture qu\u2019il s\u2019agit dans cet album aux d\u00e9cors somptueux et \u00e0 l\u2019intrigue historiquement fouill\u00e9e\u2026 Une excellente s\u00e9rie\u00a0\u00ab\u00a0classique\u00a0\u00bb, dans le bon sens du terme! &nbsp; Vasco &#8211; \u00a9 Le Lombard &nbsp; Le quatorzi\u00e8me si\u00e8cle italien est un si\u00e8cle pendant lequel l\u2019art pictural a [&hellip;]<\/p>\n","protected":false},"author":1,"featured_media":982,"comment_status":"open","ping_status":"open","sticky":false,"template":"","format":"standard","meta":{"jetpack_post_was_ever_published":false,"_jetpack_newsletter_access":"","_jetpack_dont_email_post_to_subs":false,"_jetpack_newsletter_tier_id":0,"_jetpack_memberships_contains_paywalled_content":false,"_jetpack_memberships_contains_paid_content":false,"footnotes":"","jetpack_publicize_message":"","jetpack_publicize_feature_enabled":true,"jetpack_social_post_already_shared":true,"jetpack_social_options":{"image_generator_settings":{"template":"highway","default_image_id":0,"font":"","enabled":false},"version":2}},"categories":[3,10],"tags":[],"class_list":["post-981","post","type-post","status-publish","format-standard","has-post-thumbnail","hentry","category-bd-de-s-a-z","category-v"],"jetpack_publicize_connections":[],"jetpack_featured_media_url":"https:\/\/i0.wp.com\/bd-chroniques.be\/wp-content\/uploads\/2017\/09\/36c7eeb79a1d7b99c233b5a155860af0-1504686986.jpg?fit=1248%2C701&ssl=1","jetpack_shortlink":"https:\/\/wp.me\/p8dqsu-fP","jetpack_likes_enabled":true,"jetpack_sharing_enabled":true,"_links":{"self":[{"href":"https:\/\/bd-chroniques.be\/index.php\/wp-json\/wp\/v2\/posts\/981","targetHints":{"allow":["GET"]}}],"collection":[{"href":"https:\/\/bd-chroniques.be\/index.php\/wp-json\/wp\/v2\/posts"}],"about":[{"href":"https:\/\/bd-chroniques.be\/index.php\/wp-json\/wp\/v2\/types\/post"}],"author":[{"embeddable":true,"href":"https:\/\/bd-chroniques.be\/index.php\/wp-json\/wp\/v2\/users\/1"}],"replies":[{"embeddable":true,"href":"https:\/\/bd-chroniques.be\/index.php\/wp-json\/wp\/v2\/comments?post=981"}],"version-history":[{"count":1,"href":"https:\/\/bd-chroniques.be\/index.php\/wp-json\/wp\/v2\/posts\/981\/revisions"}],"predecessor-version":[{"id":988,"href":"https:\/\/bd-chroniques.be\/index.php\/wp-json\/wp\/v2\/posts\/981\/revisions\/988"}],"wp:featuredmedia":[{"embeddable":true,"href":"https:\/\/bd-chroniques.be\/index.php\/wp-json\/wp\/v2\/media\/982"}],"wp:attachment":[{"href":"https:\/\/bd-chroniques.be\/index.php\/wp-json\/wp\/v2\/media?parent=981"}],"wp:term":[{"taxonomy":"category","embeddable":true,"href":"https:\/\/bd-chroniques.be\/index.php\/wp-json\/wp\/v2\/categories?post=981"},{"taxonomy":"post_tag","embeddable":true,"href":"https:\/\/bd-chroniques.be\/index.php\/wp-json\/wp\/v2\/tags?post=981"}],"curies":[{"name":"wp","href":"https:\/\/api.w.org\/{rel}","templated":true}]}}