{"id":9962,"date":"2025-04-05T09:10:53","date_gmt":"2025-04-05T07:10:53","guid":{"rendered":"https:\/\/bd-chroniques.be\/?p=9962"},"modified":"2025-04-13T08:12:57","modified_gmt":"2025-04-13T06:12:57","slug":"caravage-lombre-du-peintre","status":"publish","type":"post","link":"https:\/\/bd-chroniques.be\/index.php\/2025\/04\/05\/caravage-lombre-du-peintre\/","title":{"rendered":"Caravage \u2013 L\u2019ombre du peintre"},"content":{"rendered":"\n<p>L\u2019art, tous les arts, n\u2019ont pas \u00e9t\u00e9 toujours calfeutr\u00e9s dans des salons, des mus\u00e9es, des c\u00e9nacles\u2026 Villon \u00e9tait truand\u2026 Quant aux peintres des si\u00e8cles pass\u00e9s, leurs aventures humaines, souvent, se vivaient dans les bas-fonds de la soci\u00e9t\u00e9, entre deux rencontres avec des m\u00e9c\u00e8nes fortun\u00e9s\u2026<\/p>\n\n\n<div class=\"wp-block-image\">\n<figure class=\"aligncenter size-full\"><img data-recalc-dims=\"1\" loading=\"lazy\" decoding=\"async\" width=\"768\" height=\"384\" src=\"https:\/\/i0.wp.com\/bd-chroniques.be\/wp-content\/uploads\/2025\/04\/image.png?resize=768%2C384&#038;ssl=1\" alt=\"\" class=\"wp-image-9964\" srcset=\"https:\/\/i0.wp.com\/bd-chroniques.be\/wp-content\/uploads\/2025\/04\/image.png?w=800&amp;ssl=1 800w, https:\/\/i0.wp.com\/bd-chroniques.be\/wp-content\/uploads\/2025\/04\/image.png?resize=300%2C150&amp;ssl=1 300w, https:\/\/i0.wp.com\/bd-chroniques.be\/wp-content\/uploads\/2025\/04\/image.png?resize=768%2C384&amp;ssl=1 768w\" sizes=\"auto, (max-width: 768px) 100vw, 768px\" \/><figcaption class=\"wp-element-caption\">copyright petit \u00e0 petit<\/figcaption><\/figure>\n<\/div>\n\n\n<p>C\u2019est le cas avec Michelangelo Merisi, dit Le Caravage. N\u00e9 en 1571, ce peintre, qui fit de l\u2019ombre et de la lumi\u00e8re les \u00e9l\u00e9ments essentiels de ses tableaux, est mort jeune, en 1610. Mais cette bri\u00e8vet\u00e9 d\u2019existence n\u2019eut rien d\u2019un tranquille trajet de vie, d\u2019un chemin artistique serein. Clairs-obscurs furent ses tableaux, qui, sans doute, influenc\u00e8rent les plus grands peintres qui l\u2019ont suivi, de Rubens \u00e0 Rembrandt entre autres, claire-obscure fut son existence, \u00e9galement. Surtout peut-\u00eatre\u2026 N\u2019est-ce pas, finalement, les al\u00e9as de la vie qui, toujours ou presque, permettent \u00e0 l\u2019art de s\u2019exprimer en s\u2019\u00e9vadant des carcans de l\u2019habitude et de ses normes\u00a0?<\/p>\n\n\n<div class=\"wp-block-image\">\n<figure class=\"aligncenter size-full\"><img data-recalc-dims=\"1\" loading=\"lazy\" decoding=\"async\" width=\"612\" height=\"853\" src=\"https:\/\/i0.wp.com\/bd-chroniques.be\/wp-content\/uploads\/2025\/04\/image-1.png?resize=612%2C853&#038;ssl=1\" alt=\"\" class=\"wp-image-9965\" srcset=\"https:\/\/i0.wp.com\/bd-chroniques.be\/wp-content\/uploads\/2025\/04\/image-1.png?w=612&amp;ssl=1 612w, https:\/\/i0.wp.com\/bd-chroniques.be\/wp-content\/uploads\/2025\/04\/image-1.png?resize=215%2C300&amp;ssl=1 215w\" sizes=\"auto, (max-width: 612px) 100vw, 612px\" \/><figcaption class=\"wp-element-caption\">copyright petit \u00e0 petit<\/figcaption><\/figure>\n<\/div>\n\n\n<p>Cette existence, dont le moins que l\u2019on puisse dire est qu\u2019elle fut mouvement\u00e9e, a d\u00e9j\u00e0 inspir\u00e9, en bande dessin\u00e9e, Manara\u2026 Ici, avec Ernesto Anderle, le ton et la construction du r\u00e9cit de la vie du Caravage sont tr\u00e8s diff\u00e9rents. Le dessin, d\u00e9j\u00e0, s\u2019\u00e9loigne volontairement de toute comparaison et, ce faisant, de tout r\u00e9alisme, pour s\u2019enfouir dans les tr\u00e9fonds d\u2019une vie dont le g\u00e9nie se coltinait avec la mis\u00e8re, la col\u00e8re, le d\u00e9lit. L\u2019auteur nous offre un portrait qui, nourri de la grande Histoire bien \u00e9videmment, s\u2019enfouit beaucoup plus dans ce qu\u2019on peut appeler la part d\u2019ombre, donc de lumi\u00e8re, de cet artiste aux folies outranci\u00e8res, aux provocations sans retenue.<\/p>\n\n\n<div class=\"wp-block-image\">\n<figure class=\"aligncenter size-full\"><img data-recalc-dims=\"1\" loading=\"lazy\" decoding=\"async\" width=\"592\" height=\"881\" src=\"https:\/\/i0.wp.com\/bd-chroniques.be\/wp-content\/uploads\/2025\/04\/image-2.png?resize=592%2C881&#038;ssl=1\" alt=\"\" class=\"wp-image-9966\" srcset=\"https:\/\/i0.wp.com\/bd-chroniques.be\/wp-content\/uploads\/2025\/04\/image-2.png?w=592&amp;ssl=1 592w, https:\/\/i0.wp.com\/bd-chroniques.be\/wp-content\/uploads\/2025\/04\/image-2.png?resize=202%2C300&amp;ssl=1 202w\" sizes=\"auto, (max-width: 592px) 100vw, 592px\" \/><figcaption class=\"wp-element-caption\">copyright petit \u00e0 petit<\/figcaption><\/figure>\n<\/div>\n\n\n<p>En contrepoint de ce r\u00e9cit dessin\u00e9, avec un graphisme tr\u00e8s personnel, virevoltant, presque surr\u00e9aliste parfois, aux couleurs impressionnantes, un r\u00e9cit orchestr\u00e9 en chapitres, l\u2019\u00e9diteur (Petit \u00e0 Petit) nous fait entrer plus profond\u00e9ment dans l\u2019\u0153uvre de ce peintre exceptionnel\u2026 Un peintre qui, toute sa courte vie, n\u2019a jamais oubli\u00e9 son exp\u00e9rience dans la somptueuse Venise\u2026 Une ville dans laquelle j\u2019ai vu, dans je ne sais quelle \u00e9glise, une de ses \u0153uvres, en ressentant, avec mon \u00e9pouse, une \u00e9motion rare\u2026 Mais je m\u2019\u00e9loigne, l\u00e0\u2026<\/p>\n\n\n<div class=\"wp-block-image\">\n<figure class=\"aligncenter size-full\"><img data-recalc-dims=\"1\" loading=\"lazy\" decoding=\"async\" width=\"626\" height=\"860\" src=\"https:\/\/i0.wp.com\/bd-chroniques.be\/wp-content\/uploads\/2025\/04\/image-3.png?resize=626%2C860&#038;ssl=1\" alt=\"\" class=\"wp-image-9967\" srcset=\"https:\/\/i0.wp.com\/bd-chroniques.be\/wp-content\/uploads\/2025\/04\/image-3.png?w=626&amp;ssl=1 626w, https:\/\/i0.wp.com\/bd-chroniques.be\/wp-content\/uploads\/2025\/04\/image-3.png?resize=218%2C300&amp;ssl=1 218w\" sizes=\"auto, (max-width: 626px) 100vw, 626px\" \/><figcaption class=\"wp-element-caption\">copyright petit \u00e0 petit<\/figcaption><\/figure>\n<\/div>\n\n\n<p>Ce qui est intelligent, donc important, dans les livres \u00e9dit\u00e9s par les \u00e9ditions \u00ab\u00a0petit \u00e0 petit\u00a0\u00bb, c\u2019est ce m\u00e9lange voulu, dans un cadre \u00ab\u00a0culturel\u00a0\u00bb, de la bande dessin\u00e9e dans ce qu\u2019elle peut avoir de plus moderne, et de l\u2019Histoire, gr\u00e2ce \u00e0 des dossiers extr\u00eamement fouill\u00e9s sans jamais \u00eatre lourds. Et c\u2019est bien le cas, ici, avec ce livre. Quatre historiens de l\u2019art s\u2019y attachent \u00e0 relier les chapitres les uns aux autres par des r\u00e9f\u00e9rences historiques, certes, par une iconographie qui permet r\u00e9ellement de relier le dessin \u00ab\u00a0bd\u00a0\u00bb \u00e0 l\u2019\u0153uvre du Caravage, et le tout avec une fluidit\u00e9 de langue remarquable\u2026 Le mot \u00ab\u00a0vulgarisation\u00a0\u00bb perd ici tout ce c\u00f4t\u00e9 vulgaire qu\u2019il peut avoir dans la bouche de certains intellos fatigu\u00e9s\u00a0!<\/p>\n\n\n<div class=\"wp-block-image\">\n<figure class=\"aligncenter size-large\"><img data-recalc-dims=\"1\" loading=\"lazy\" decoding=\"async\" width=\"724\" height=\"1024\" src=\"https:\/\/i0.wp.com\/bd-chroniques.be\/wp-content\/uploads\/2025\/04\/image-4.png?resize=724%2C1024&#038;ssl=1\" alt=\"\" class=\"wp-image-9968\" srcset=\"https:\/\/i0.wp.com\/bd-chroniques.be\/wp-content\/uploads\/2025\/04\/image-4.png?resize=724%2C1024&amp;ssl=1 724w, https:\/\/i0.wp.com\/bd-chroniques.be\/wp-content\/uploads\/2025\/04\/image-4.png?resize=212%2C300&amp;ssl=1 212w, https:\/\/i0.wp.com\/bd-chroniques.be\/wp-content\/uploads\/2025\/04\/image-4.png?resize=768%2C1086&amp;ssl=1 768w, https:\/\/i0.wp.com\/bd-chroniques.be\/wp-content\/uploads\/2025\/04\/image-4.png?w=990&amp;ssl=1 990w\" sizes=\"auto, (max-width: 724px) 100vw, 724px\" \/><figcaption class=\"wp-element-caption\">copyright venise<\/figcaption><\/figure>\n<\/div>\n\n\n<p>J\u2019aime beaucoup cet \u00e9diteur, capable ainsi de m\u00ealer \u00e0 la r\u00e9alit\u00e9 historique une bande dessin\u00e9e aux r\u00e9alit\u00e9s tr\u00e8s diverses. Et ce Caravage m\u00e9rite le d\u00e9tour, et donne l\u2019envie, que j\u2019ai ressentie et assouvie, d\u2019en savoir plus sur ce peintre au g\u00e9nie \u00e9vident, \u00e0 la vie malmen\u00e9e, aux \u0153uvres dans lesquelles on ne peut que se plonger, des yeux et de l\u2019\u00e2me\u2026<\/p>\n\n\n\n<p><strong>Jacques et Josiane Schra\u00fbwen<\/strong><\/p>\n\n\n\n<p><strong>Caravage \u2013 L\u2019ombre du peintre (auteur&nbsp;: Ernesto Anderle \u2013 \u00e9diteur&nbsp;: petit \u00e0 petit \u2013 2024 \u2013 221 pages)<\/strong><\/p>\n","protected":false},"excerpt":{"rendered":"<p>L\u2019art, tous les arts, n\u2019ont pas \u00e9t\u00e9 toujours calfeutr\u00e9s dans des salons, des mus\u00e9es, des c\u00e9nacles\u2026 Villon \u00e9tait truand\u2026 Quant aux peintres des si\u00e8cles pass\u00e9s, leurs aventures humaines, souvent, se vivaient dans les bas-fonds de la soci\u00e9t\u00e9, entre deux rencontres avec des m\u00e9c\u00e8nes fortun\u00e9s\u2026 C\u2019est le cas avec Michelangelo Merisi, dit Le Caravage. N\u00e9 en [&hellip;]<\/p>\n","protected":false},"author":1,"featured_media":9963,"comment_status":"open","ping_status":"open","sticky":false,"template":"","format":"standard","meta":{"jetpack_post_was_ever_published":false,"_jetpack_newsletter_access":"","_jetpack_dont_email_post_to_subs":false,"_jetpack_newsletter_tier_id":0,"_jetpack_memberships_contains_paywalled_content":false,"_jetpack_memberships_contains_paid_content":false,"footnotes":"","jetpack_publicize_message":"","jetpack_publicize_feature_enabled":true,"jetpack_social_post_already_shared":true,"jetpack_social_options":{"image_generator_settings":{"template":"highway","default_image_id":0,"font":"","enabled":false},"version":2}},"categories":[14,18],"tags":[],"class_list":["post-9962","post","type-post","status-publish","format-standard","has-post-thumbnail","hentry","category-bd-de-a-a-f","category-c"],"jetpack_publicize_connections":[],"jetpack_featured_media_url":"https:\/\/i0.wp.com\/bd-chroniques.be\/wp-content\/uploads\/2025\/04\/Caravage-L-ombre-du-peintre.jpg?fit=400%2C353&ssl=1","jetpack_shortlink":"https:\/\/wp.me\/p8dqsu-2AG","jetpack_likes_enabled":true,"jetpack_sharing_enabled":true,"_links":{"self":[{"href":"https:\/\/bd-chroniques.be\/index.php\/wp-json\/wp\/v2\/posts\/9962","targetHints":{"allow":["GET"]}}],"collection":[{"href":"https:\/\/bd-chroniques.be\/index.php\/wp-json\/wp\/v2\/posts"}],"about":[{"href":"https:\/\/bd-chroniques.be\/index.php\/wp-json\/wp\/v2\/types\/post"}],"author":[{"embeddable":true,"href":"https:\/\/bd-chroniques.be\/index.php\/wp-json\/wp\/v2\/users\/1"}],"replies":[{"embeddable":true,"href":"https:\/\/bd-chroniques.be\/index.php\/wp-json\/wp\/v2\/comments?post=9962"}],"version-history":[{"count":1,"href":"https:\/\/bd-chroniques.be\/index.php\/wp-json\/wp\/v2\/posts\/9962\/revisions"}],"predecessor-version":[{"id":9969,"href":"https:\/\/bd-chroniques.be\/index.php\/wp-json\/wp\/v2\/posts\/9962\/revisions\/9969"}],"wp:featuredmedia":[{"embeddable":true,"href":"https:\/\/bd-chroniques.be\/index.php\/wp-json\/wp\/v2\/media\/9963"}],"wp:attachment":[{"href":"https:\/\/bd-chroniques.be\/index.php\/wp-json\/wp\/v2\/media?parent=9962"}],"wp:term":[{"taxonomy":"category","embeddable":true,"href":"https:\/\/bd-chroniques.be\/index.php\/wp-json\/wp\/v2\/categories?post=9962"},{"taxonomy":"post_tag","embeddable":true,"href":"https:\/\/bd-chroniques.be\/index.php\/wp-json\/wp\/v2\/tags?post=9962"}],"curies":[{"name":"wp","href":"https:\/\/api.w.org\/{rel}","templated":true}]}}