{"id":9997,"date":"2025-04-18T20:01:15","date_gmt":"2025-04-18T18:01:15","guid":{"rendered":"https:\/\/bd-chroniques.be\/?p=9997"},"modified":"2025-04-18T20:01:15","modified_gmt":"2025-04-18T18:01:15","slug":"limage-et-la-place-de-la-femme-dans-la-bande-dessinee-texte-de-ma-causerie-devant-des-eleves-attentifs","status":"publish","type":"post","link":"https:\/\/bd-chroniques.be\/index.php\/2025\/04\/18\/limage-et-la-place-de-la-femme-dans-la-bande-dessinee-texte-de-ma-causerie-devant-des-eleves-attentifs\/","title":{"rendered":"L\u2019image et la place de la femme dans la bande dessin\u00e9e \u2013 texte de ma causerie devant des \u00e9l\u00e8ves attentifs\u2026"},"content":{"rendered":"\n<p>Quand on m\u2019a propos\u00e9 de vous parler de L\u2019image et de la place de la femme dans la bande dessin\u00e9e, j\u2019ai bien compris qu\u2019il serait impossible d\u2019en faire une analyse exhaustive, tant il est vrai que, comme dans tout art graphique, la femme, donc la f\u00e9minit\u00e9, ont une pr\u00e9sence importante\u2026 Une pr\u00e9sence, dans l\u2019\u00e9dition bd, qui ne s\u2019est affirm\u00e9e qu\u2019il y a peu, tout compte fait\u2026<\/p>\n\n\n<div class=\"wp-block-image\">\n<figure class=\"aligncenter size-full\"><img data-recalc-dims=\"1\" loading=\"lazy\" decoding=\"async\" width=\"450\" height=\"607\" src=\"https:\/\/i0.wp.com\/bd-chroniques.be\/wp-content\/uploads\/2025\/04\/femmes2.jpg?resize=450%2C607&#038;ssl=1\" alt=\"\" class=\"wp-image-9999\" srcset=\"https:\/\/i0.wp.com\/bd-chroniques.be\/wp-content\/uploads\/2025\/04\/femmes2.jpg?w=450&amp;ssl=1 450w, https:\/\/i0.wp.com\/bd-chroniques.be\/wp-content\/uploads\/2025\/04\/femmes2.jpg?resize=222%2C300&amp;ssl=1 222w\" sizes=\"auto, (max-width: 450px) 100vw, 450px\" \/><figcaption class=\"wp-element-caption\">copyright craenhals<\/figcaption><\/figure>\n<\/div>\n\n\n<p>L\u2019intervention que je vais faire \u00e0 ce sujet sera bien plus un panorama tr\u00e8s subjectif d\u2019une partie de l\u2019histoire de la bd\u2026 Un travail passionnant, parce que, en le faisant, je me vois dans l\u2019obligation, en quelque sorte, de porter un regard pr\u00e9cis, sans jugement de valeur, sur une des r\u00e9alit\u00e9s du neuvi\u00e8me art\u2026 Le r\u00e9sultat, ce sera \u00e0 vous d\u2019en juger\u2026 Les arts ont toujours \u00e9t\u00e9 \u00e0 l\u2019image de leur \u00e9poque, qu\u2019ils soient convenus ou r\u00e9volt\u00e9s\u2026 Les arts picturaux, au sens large du terme, et pendant tr\u00e8s longtemps, en Europe du moins, ont us\u00e9 de l\u2019alibi religieux ou mythologique pour peindre la femme\u00a0: La V\u00e9nus de Botticelli, par exemple, ou une vierge Marie du Caravage pour laquelle il avait pris comme mod\u00e8le une p\u00e9ripat\u00e9ticienne, ce qui a entra\u00een\u00e9 pour lui bien des d\u00e9boires. Cela dit, les r\u00e9voltes, ou r\u00e9volutions culturelles, sont toujours devenues, apr\u00e8s quelques ann\u00e9es, convenues \u00e0 leur tour. Le romantisme, par exemple, le surr\u00e9alisme plus tard\u2026 Il en va de m\u00eame pour la musique, la litt\u00e9rature\u2026 Les modes vont et viennent, et les arts, consciemment le plus souvent, suivent leur rythme. <\/p>\n\n\n<div class=\"wp-block-image\">\n<figure class=\"aligncenter size-large\"><img data-recalc-dims=\"1\" loading=\"lazy\" decoding=\"async\" width=\"768\" height=\"480\" src=\"https:\/\/i0.wp.com\/bd-chroniques.be\/wp-content\/uploads\/2025\/04\/conf1.jpg?resize=768%2C480&#038;ssl=1\" alt=\"\" class=\"wp-image-10000\" srcset=\"https:\/\/i0.wp.com\/bd-chroniques.be\/wp-content\/uploads\/2025\/04\/conf1.jpg?resize=1024%2C640&amp;ssl=1 1024w, https:\/\/i0.wp.com\/bd-chroniques.be\/wp-content\/uploads\/2025\/04\/conf1.jpg?resize=300%2C188&amp;ssl=1 300w, https:\/\/i0.wp.com\/bd-chroniques.be\/wp-content\/uploads\/2025\/04\/conf1.jpg?resize=768%2C480&amp;ssl=1 768w, https:\/\/i0.wp.com\/bd-chroniques.be\/wp-content\/uploads\/2025\/04\/conf1.jpg?w=1519&amp;ssl=1 1519w\" sizes=\"auto, (max-width: 768px) 100vw, 768px\" \/><figcaption class=\"wp-element-caption\">Botticelli Sandro (1444\/1445-1510). Italie, Florence, Galerie des Offices. INV1890-878,0105299.<\/figcaption><\/figure>\n<\/div>\n\n\n<p>Parler de la place de la femme en bande dessin\u00e9e sans remettre en perspective l\u2019Histoire de la place de la femme dans la soci\u00e9t\u00e9, ce serait aussi stupide que de vouloir tailler un arbre avec une paire de ciseaux\u00a0! L\u2019art, et la bande dessin\u00e9e en est un, m\u00e9rite qu\u2019on ne le sacralise pas au nom d\u2019id\u00e9ologies dont on sait qu\u2019elles sont, toutes, de toute fa\u00e7on, condamn\u00e9es \u00e0 mourir un jour, \u00e0 laisser la place \u00e0 d\u2019autres id\u00e9es, d\u2019autres id\u00e9ologies, d\u2019autres \u00ab\u00a0modes\u00a0\u00bb. Lorsque l\u2019homme s\u2019est fait humain, se mettant debout, il a simplement continu\u00e9 \u00e0 utiliser les n\u00e9cessit\u00e9s et les codes du monde animal\u2026 Parmi ceux-ci, le principal \u00e9tant la procr\u00e9ation, pour que ne s\u2019\u00e9teigne pas l\u2019esp\u00e8ce\u2026 La femme, d\u00e8s lors, se devait d\u2019\u00eatre quelque peu prot\u00e9g\u00e9e, elle qui \u00e9tait \u00ab\u00a0la\u00a0\u00bb procr\u00e9atrice, donc la garante d\u2019une continuation de cette esp\u00e8ce humaine en train de prendre le pouvoir sur la Terre. Ce r\u00f4le de la femme, au fil des mill\u00e9naires, s\u2019est affin\u00e9, mais il est rest\u00e9 essentiellement dans la ligne de ses origines. Un r\u00f4le effac\u00e9 derri\u00e8re celui de l\u2019homme\u2026 M\u00eame si, de ci de l\u00e0, des r\u00e9alit\u00e9s matriarcales ont exist\u00e9, l\u2019essentiel de ce qu\u2019on appelle la civilisation s\u2019est cr\u00e9\u00e9 au travers d\u2019un pouvoir pratiquement exclusivement masculin. Avec, comme dans toute r\u00e8gle, des exceptions notables\u2026<\/p>\n\n\n<div class=\"wp-block-image\">\n<figure class=\"aligncenter size-full\"><img data-recalc-dims=\"1\" loading=\"lazy\" decoding=\"async\" width=\"768\" height=\"768\" src=\"https:\/\/i0.wp.com\/bd-chroniques.be\/wp-content\/uploads\/2025\/04\/conf2.jpg?resize=768%2C768&#038;ssl=1\" alt=\"\" class=\"wp-image-10001\" srcset=\"https:\/\/i0.wp.com\/bd-chroniques.be\/wp-content\/uploads\/2025\/04\/conf2.jpg?w=1024&amp;ssl=1 1024w, https:\/\/i0.wp.com\/bd-chroniques.be\/wp-content\/uploads\/2025\/04\/conf2.jpg?resize=300%2C300&amp;ssl=1 300w, https:\/\/i0.wp.com\/bd-chroniques.be\/wp-content\/uploads\/2025\/04\/conf2.jpg?resize=150%2C150&amp;ssl=1 150w, https:\/\/i0.wp.com\/bd-chroniques.be\/wp-content\/uploads\/2025\/04\/conf2.jpg?resize=768%2C768&amp;ssl=1 768w\" sizes=\"auto, (max-width: 768px) 100vw, 768px\" \/><\/figure>\n<\/div>\n\n\n<p>La grande Catherine de Russie, Ali\u00e9nor d\u2019Aquitaine, Victoria d\u2019Angleterre\u2026 Mais, dans le \u00ab\u00a0peuple\u00a0\u00bb, il a fallu attendre bien longtemps avant que la femme ne revendique sa place dans le monde, dans la soci\u00e9t\u00e9, dans les m\u00e9andres de tous les pouvoirs, de tous les possibles. <\/p>\n\n\n<div class=\"wp-block-image\">\n<figure class=\"aligncenter size-large\"><img data-recalc-dims=\"1\" loading=\"lazy\" decoding=\"async\" width=\"661\" height=\"1024\" src=\"https:\/\/i0.wp.com\/bd-chroniques.be\/wp-content\/uploads\/2025\/04\/conf3.jpg?resize=661%2C1024&#038;ssl=1\" alt=\"\" class=\"wp-image-10002\" srcset=\"https:\/\/i0.wp.com\/bd-chroniques.be\/wp-content\/uploads\/2025\/04\/conf3.jpg?resize=661%2C1024&amp;ssl=1 661w, https:\/\/i0.wp.com\/bd-chroniques.be\/wp-content\/uploads\/2025\/04\/conf3.jpg?resize=194%2C300&amp;ssl=1 194w, https:\/\/i0.wp.com\/bd-chroniques.be\/wp-content\/uploads\/2025\/04\/conf3.jpg?resize=768%2C1190&amp;ssl=1 768w, https:\/\/i0.wp.com\/bd-chroniques.be\/wp-content\/uploads\/2025\/04\/conf3.jpg?w=813&amp;ssl=1 813w\" sizes=\"auto, (max-width: 661px) 100vw, 661px\" \/><figcaption class=\"wp-element-caption\">colette<\/figcaption><\/figure>\n<\/div>\n\n\n<p>Et le vingti\u00e8me si\u00e8cle s\u2019est ainsi fait, progressivement, f\u00e9minin aussi, gr\u00e2ce \u00e0 un f\u00e9minisme port\u00e9 par des artistes, par des scientifiques, par Marie Curie, par les suffragettes et leurs combats pour pouvoir avoir le droit de vote, par l\u2019\u00e9crivaine Colette, par la peintre L\u00e9onor Fini, par des artistes et avocates qui ont obtenu la l\u00e9galisation de l\u2019ivg, entre autres.<\/p>\n\n\n<div class=\"wp-block-image\">\n<figure class=\"aligncenter size-large is-resized\"><img data-recalc-dims=\"1\" loading=\"lazy\" decoding=\"async\" width=\"726\" height=\"1024\" src=\"https:\/\/i0.wp.com\/bd-chroniques.be\/wp-content\/uploads\/2025\/04\/conf4.jpg?resize=726%2C1024&#038;ssl=1\" alt=\"\" class=\"wp-image-10003\" style=\"width:1140px;height:auto\" srcset=\"https:\/\/i0.wp.com\/bd-chroniques.be\/wp-content\/uploads\/2025\/04\/conf4.jpg?resize=726%2C1024&amp;ssl=1 726w, https:\/\/i0.wp.com\/bd-chroniques.be\/wp-content\/uploads\/2025\/04\/conf4.jpg?resize=213%2C300&amp;ssl=1 213w, https:\/\/i0.wp.com\/bd-chroniques.be\/wp-content\/uploads\/2025\/04\/conf4.jpg?resize=768%2C1083&amp;ssl=1 768w, https:\/\/i0.wp.com\/bd-chroniques.be\/wp-content\/uploads\/2025\/04\/conf4.jpg?w=780&amp;ssl=1 780w\" sizes=\"auto, (max-width: 726px) 100vw, 726px\" \/><figcaption class=\"wp-element-caption\">tableau de L\u00e9onor Fini<\/figcaption><\/figure>\n<\/div>\n\n\n<p>Et la bande dessin\u00e9e \u00e9tant un art qui a pris son essor, ses essors pluriels m\u00eame, au sein de ce vingti\u00e8me si\u00e8cle, il est \u00e9vident qu\u2019il s\u2019est fait t\u00e9moin et partenaire de cette \u00ab\u00a0f\u00e9minitude\u00a0\u00bb. Se demander ce qu\u2019est l\u2019image de la femme dans la bande dessin\u00e9e, c\u2019est aussi r\u00e9fl\u00e9chir \u00e0 sa place, de mani\u00e8re plus g\u00e9n\u00e9rale, dans le neuvi\u00e8me art. C\u2019est donc suivre, au travers d\u2019un art de divertissement pur d\u2019abord, la mani\u00e8re dont ce r\u00f4le soci\u00e9tal s\u2019est exprim\u00e9, s\u2019est dessin\u00e9, dans un m\u00e9dia qui, ne l\u2019oublions jamais, a d\u2019abord \u00e9t\u00e9 destin\u00e9 aux enfants\u00a0! Ce que je vais faire aujourd\u2019hui, c\u2019est, en amateur, et dans le sens premier du terme, quelque peu dresser, de mani\u00e8re subjective, un portrait de ces femmes de papier qui, parfois images d\u00e9su\u00e8tes d\u2019un monde pr\u00e9cis, parfois revendicatrices d\u2019un monde en devenir, ont permis de faire petit \u00e0 petit de la bande dessin\u00e9e un art \u00e0 part enti\u00e8re, dans lequel la libert\u00e9 d\u2019\u00eatre et de s\u2019exprimer, tout comme celle du choix de vie, a occup\u00e9 une place centrale, et devrait continuer \u00e0 le faire\u00a0! D\u2019autre part, je vais \u00e9pingler avec vous quelques autrices qui ont marqu\u00e9 l\u2019histoire et l\u2019\u00e9volution de la bande dessin\u00e9e, qui la marquent encore, et ce au travers de th\u00e9matiques de plus en plus ancr\u00e9es dans la r\u00e9alit\u00e9 quotidienne. Images de papier ou autrices de plus en plus engag\u00e9es, les femmes, sous bien des formes, occupent une place essentielle, d\u00e9sormais, enfin, dans le monde de la bd\u00a0! Je l\u2019ai dit, la bande dessin\u00e9e a d\u2019abord \u00e9t\u00e9 un outil de d\u00e9lassement pour les enfants. Pour les gar\u00e7ons, essentiellement, en des \u00e9poques o\u00f9 la petite fille \u00e9tait rel\u00e9gu\u00e9e \u00e0 des lectures encore plus sages\u2026 Encore plus format\u00e9es\u2026 Genr\u00e9es, comme on dit aujourd\u2019hui. Et la repr\u00e9sentation f\u00e9minine, dans ces bd pour jeunes gar\u00e7ons, \u00e9tait soit inexistante, soit caricaturale. Inexistante, comme dans Tintin, h\u00e9ros de papier pour lequel il a fallu bien des albums avant que des femmes apparaissent \u00e0 ses c\u00f4t\u00e9s\u00a0! Caricaturale, comme dans Popeye, cr\u00e9\u00e9 en 1929, et son amoureuse Olive\u2026 <\/p>\n\n\n<div class=\"wp-block-image\">\n<figure class=\"aligncenter size-full\"><img data-recalc-dims=\"1\" loading=\"lazy\" decoding=\"async\" width=\"736\" height=\"552\" src=\"https:\/\/i0.wp.com\/bd-chroniques.be\/wp-content\/uploads\/2025\/04\/conf5.jpg?resize=736%2C552&#038;ssl=1\" alt=\"\" class=\"wp-image-10004\" srcset=\"https:\/\/i0.wp.com\/bd-chroniques.be\/wp-content\/uploads\/2025\/04\/conf5.jpg?w=736&amp;ssl=1 736w, https:\/\/i0.wp.com\/bd-chroniques.be\/wp-content\/uploads\/2025\/04\/conf5.jpg?resize=300%2C225&amp;ssl=1 300w\" sizes=\"auto, (max-width: 736px) 100vw, 736px\" \/><figcaption class=\"wp-element-caption\">popeye et olive<\/figcaption><\/figure>\n<\/div>\n\n\n<p>Tout comme dans les cr\u00e9ations de Walt Disney, \u00e9videmment, avec Minnie et Daisy, quittant le monde de l\u2019animation pour devenir personnages de bd en janvier 1930.<\/p>\n\n\n<div class=\"wp-block-image\">\n<figure class=\"aligncenter size-full\"><img data-recalc-dims=\"1\" loading=\"lazy\" decoding=\"async\" width=\"500\" height=\"366\" src=\"https:\/\/i0.wp.com\/bd-chroniques.be\/wp-content\/uploads\/2025\/04\/conf6.jpg?resize=500%2C366&#038;ssl=1\" alt=\"\" class=\"wp-image-10006\" srcset=\"https:\/\/i0.wp.com\/bd-chroniques.be\/wp-content\/uploads\/2025\/04\/conf6.jpg?w=500&amp;ssl=1 500w, https:\/\/i0.wp.com\/bd-chroniques.be\/wp-content\/uploads\/2025\/04\/conf6.jpg?resize=300%2C220&amp;ssl=1 300w\" sizes=\"auto, (max-width: 500px) 100vw, 500px\" \/><figcaption class=\"wp-element-caption\">copyright disney<\/figcaption><\/figure>\n<\/div>\n\n\n<p>Du c\u00f4t\u00e9 des Etats Unis toujours, sans caricature graphique cette fois, mais tr\u00e8s typ\u00e9e dans son caract\u00e8re, on peut souligner la pr\u00e9sence de Lo\u00efs Lane aux c\u00f4t\u00e9s de Superman. Une femme active, certes, mais se caract\u00e9risant surtout par son amour, ses sentiments, bien plus que par son sens de l\u2019action\u2026<\/p>\n\n\n<div class=\"wp-block-image\">\n<figure class=\"aligncenter size-full\"><img data-recalc-dims=\"1\" loading=\"lazy\" decoding=\"async\" width=\"630\" height=\"571\" src=\"https:\/\/i0.wp.com\/bd-chroniques.be\/wp-content\/uploads\/2025\/04\/conf7.jpg?resize=630%2C571&#038;ssl=1\" alt=\"\" class=\"wp-image-10007\" srcset=\"https:\/\/i0.wp.com\/bd-chroniques.be\/wp-content\/uploads\/2025\/04\/conf7.jpg?w=630&amp;ssl=1 630w, https:\/\/i0.wp.com\/bd-chroniques.be\/wp-content\/uploads\/2025\/04\/conf7.jpg?resize=300%2C272&amp;ssl=1 300w\" sizes=\"auto, (max-width: 630px) 100vw, 630px\" \/><figcaption class=\"wp-element-caption\">Lo\u00efs Lane<\/figcaption><\/figure>\n<\/div>\n\n\n<p>Du c\u00f4t\u00e9 europ\u00e9en, c\u2019est en 1939, dans le sceptre d\u2019Ottokar, que la Castafiore est apparue aux c\u00f4t\u00e9s de Tintin reporter\u2026 Plus qu\u2019une simple caricature, cette chanteuse classique, cette diva fut inspir\u00e9e par quelqu\u2019un de r\u00e9el, la femme d\u2019un collaborateur d\u2019Herg\u00e9\u2026 Qui ne conna\u00eet pas cette femme opulente donnant des boutons m\u00eame au capitaine Haddock\u00a0?&#8230; Qui ne conna\u00eet pas non plus Sidonie, la tante de Bob et Bobette, une femme longiligne apparue d\u00e8s les premi\u00e8res aventures de ces h\u00e9ros venus de Flandre et qui ont, pendant un certain temps, trouv\u00e9 place dans le magazine Tintin.<\/p>\n\n\n<div class=\"wp-block-image\">\n<figure class=\"aligncenter size-full\"><img data-recalc-dims=\"1\" loading=\"lazy\" decoding=\"async\" width=\"768\" height=\"1000\" src=\"https:\/\/i0.wp.com\/bd-chroniques.be\/wp-content\/uploads\/2025\/04\/conf8.jpg?resize=768%2C1000&#038;ssl=1\" alt=\"\" class=\"wp-image-10008\" srcset=\"https:\/\/i0.wp.com\/bd-chroniques.be\/wp-content\/uploads\/2025\/04\/conf8.jpg?w=768&amp;ssl=1 768w, https:\/\/i0.wp.com\/bd-chroniques.be\/wp-content\/uploads\/2025\/04\/conf8.jpg?resize=230%2C300&amp;ssl=1 230w\" sizes=\"auto, (max-width: 768px) 100vw, 768px\" \/><figcaption class=\"wp-element-caption\">copyright vandersteen<\/figcaption><\/figure>\n<\/div>\n\n\n<p>La bande dessin\u00e9e, voyez-vous, ne cherchait pas du tout, en ces \u00e9poques lointaines, \u00e0 faire dans la dentelle, comme on dit\u2026 Les personnages \u00e9taient faits d\u2019une pi\u00e8ce, avaient un r\u00f4le \u00e0 jouer, celui d\u2019amuser les lecteurs\u2026 La mise en sc\u00e8ne d\u2019une famille aventuri\u00e8re dans la s\u00e9rie Jo et Zette d\u2019Herg\u00e9 nous montre une \u00e9pouse m\u00e8re de famille participant \u00e0 l\u2019action, mais restant femme de tradition, une \u00e9pouse, oui, avant que d\u2019\u00eatre femme\u2026 <\/p>\n\n\n<div class=\"wp-block-image\">\n<figure class=\"aligncenter size-full\"><img data-recalc-dims=\"1\" loading=\"lazy\" decoding=\"async\" width=\"340\" height=\"340\" src=\"https:\/\/i0.wp.com\/bd-chroniques.be\/wp-content\/uploads\/2025\/04\/conf9.jpg?resize=340%2C340&#038;ssl=1\" alt=\"\" class=\"wp-image-10009\" srcset=\"https:\/\/i0.wp.com\/bd-chroniques.be\/wp-content\/uploads\/2025\/04\/conf9.jpg?w=340&amp;ssl=1 340w, https:\/\/i0.wp.com\/bd-chroniques.be\/wp-content\/uploads\/2025\/04\/conf9.jpg?resize=300%2C300&amp;ssl=1 300w, https:\/\/i0.wp.com\/bd-chroniques.be\/wp-content\/uploads\/2025\/04\/conf9.jpg?resize=150%2C150&amp;ssl=1 150w\" sizes=\"auto, (max-width: 340px) 100vw, 340px\" \/><figcaption class=\"wp-element-caption\">les pieds nickel\u00e9s<\/figcaption><\/figure>\n<\/div>\n\n\n<p>Et il en va de m\u00eame dans toutes les productions humoristiques de l\u2019\u00e9poque, que ce soit aux Etats-Unis avec les garnements de Dirks (Pim Pam Poum), ou en Europe, avec, par exemple, Les Pieds nickel\u00e9s. Il en est de m\u00eame avec celle qui fut, sans doute, la premi\u00e8re h\u00e9ro\u00efne \u00e0 part enti\u00e8re dans une s\u00e9rie bd, B\u00e9cassine\u2026<\/p>\n\n\n<div class=\"wp-block-image\">\n<figure class=\"aligncenter size-full\"><img data-recalc-dims=\"1\" loading=\"lazy\" decoding=\"async\" width=\"738\" height=\"960\" src=\"https:\/\/i0.wp.com\/bd-chroniques.be\/wp-content\/uploads\/2025\/04\/conf10.jpg?resize=738%2C960&#038;ssl=1\" alt=\"\" class=\"wp-image-10010\" srcset=\"https:\/\/i0.wp.com\/bd-chroniques.be\/wp-content\/uploads\/2025\/04\/conf10.jpg?w=738&amp;ssl=1 738w, https:\/\/i0.wp.com\/bd-chroniques.be\/wp-content\/uploads\/2025\/04\/conf10.jpg?resize=231%2C300&amp;ssl=1 231w\" sizes=\"auto, (max-width: 738px) 100vw, 738px\" \/><figcaption class=\"wp-element-caption\">b\u00e9cassine<\/figcaption><\/figure>\n<\/div>\n\n\n<p>Une h\u00e9ro\u00efne, excusez du peu, parue des l\u2019ann\u00e9e 1905 dans un magazine pour petites filles bien sages et bien gentilles, La semaine de Suzette.<\/p>\n\n\n<div class=\"wp-block-image\">\n<figure class=\"aligncenter size-large\"><img data-recalc-dims=\"1\" loading=\"lazy\" decoding=\"async\" width=\"745\" height=\"1024\" src=\"https:\/\/i0.wp.com\/bd-chroniques.be\/wp-content\/uploads\/2025\/04\/CONF11.jpg?resize=745%2C1024&#038;ssl=1\" alt=\"\" class=\"wp-image-10011\" srcset=\"https:\/\/i0.wp.com\/bd-chroniques.be\/wp-content\/uploads\/2025\/04\/CONF11.jpg?resize=745%2C1024&amp;ssl=1 745w, https:\/\/i0.wp.com\/bd-chroniques.be\/wp-content\/uploads\/2025\/04\/CONF11.jpg?resize=218%2C300&amp;ssl=1 218w, https:\/\/i0.wp.com\/bd-chroniques.be\/wp-content\/uploads\/2025\/04\/CONF11.jpg?resize=768%2C1056&amp;ssl=1 768w, https:\/\/i0.wp.com\/bd-chroniques.be\/wp-content\/uploads\/2025\/04\/CONF11.jpg?w=850&amp;ssl=1 850w\" sizes=\"auto, (max-width: 745px) 100vw, 745px\" \/><figcaption class=\"wp-element-caption\">la semaine de suzette<\/figcaption><\/figure>\n<\/div>\n\n\n<p>Dans les ann\u00e9es qui ont suivi, jusqu\u2019aux ann\u00e9es 60 en fait, on peut dire que la femme dans la bande dessin\u00e9e \u00e9tait quelque peu asexu\u00e9e, m\u00eame lorsque, graphiquement, elle avait, avec Milton Canif, entre autres, les apparences des vamps en mode sur grand \u00e9cran. Elle \u00e9tait l\u00e0, en quelque sorte, pour montrer que la vie n\u2019\u00e9tait pas faite que d\u2019aventures, mais aussi de sentiments, de sentiment maternel et de sentiment amoureux bien entendu\u00a0! Ou de sentiments tr\u00e8s ambigus, aussi, avec quelques \u00ab\u00a0m\u00e9chantes\u00a0\u00bb, comme Lady X, dans la s\u00e9rie tr\u00e8s militariste de Buck Danny, dessin\u00e9e par Victor Hubinon.<\/p>\n\n\n<div class=\"wp-block-image\">\n<figure class=\"aligncenter size-full\"><img data-recalc-dims=\"1\" loading=\"lazy\" decoding=\"async\" width=\"700\" height=\"935\" src=\"https:\/\/i0.wp.com\/bd-chroniques.be\/wp-content\/uploads\/2025\/04\/conf12.jpg?resize=700%2C935&#038;ssl=1\" alt=\"\" class=\"wp-image-10013\" srcset=\"https:\/\/i0.wp.com\/bd-chroniques.be\/wp-content\/uploads\/2025\/04\/conf12.jpg?w=700&amp;ssl=1 700w, https:\/\/i0.wp.com\/bd-chroniques.be\/wp-content\/uploads\/2025\/04\/conf12.jpg?resize=225%2C300&amp;ssl=1 225w\" sizes=\"auto, (max-width: 700px) 100vw, 700px\" \/><figcaption class=\"wp-element-caption\">copyright hubinon<\/figcaption><\/figure>\n<\/div>\n\n\n<p>Mais ce qui pr\u00e9valait, sans aucun doute, c\u2019\u00e9tait l\u2019image bien proprette d\u2019une famille unie\u2026 A ce titre, une des s\u00e9ries les plus repr\u00e9sentatives peut-\u00eatre, c\u2019est Boule et Bill\u2026<\/p>\n\n\n<div class=\"wp-block-image\">\n<figure class=\"aligncenter size-large\"><img data-recalc-dims=\"1\" loading=\"lazy\" decoding=\"async\" width=\"758\" height=\"1024\" src=\"https:\/\/i0.wp.com\/bd-chroniques.be\/wp-content\/uploads\/2025\/04\/conf13.jpg?resize=758%2C1024&#038;ssl=1\" alt=\"\" class=\"wp-image-10014\" srcset=\"https:\/\/i0.wp.com\/bd-chroniques.be\/wp-content\/uploads\/2025\/04\/conf13.jpg?resize=758%2C1024&amp;ssl=1 758w, https:\/\/i0.wp.com\/bd-chroniques.be\/wp-content\/uploads\/2025\/04\/conf13.jpg?resize=222%2C300&amp;ssl=1 222w, https:\/\/i0.wp.com\/bd-chroniques.be\/wp-content\/uploads\/2025\/04\/conf13.jpg?resize=768%2C1038&amp;ssl=1 768w, https:\/\/i0.wp.com\/bd-chroniques.be\/wp-content\/uploads\/2025\/04\/conf13.jpg?w=800&amp;ssl=1 800w\" sizes=\"auto, (max-width: 758px) 100vw, 758px\" \/><figcaption class=\"wp-element-caption\">copyright roba<\/figcaption><\/figure>\n<\/div>\n\n\n<p>Tout cela donne l\u2019image d\u2019un art, le neuvi\u00e8me qui, en un si\u00e8cle, a bien \u00e9volu\u00e9, techniquement parlant, mais est rest\u00e9 coinc\u00e9 dans une image de la vie qui n\u2019existait plus vraiment, qui s\u2019\u00e9tiolait au fil des ann\u00e9es sans que les auteurs ni les \u00e9diteurs ne s\u2019en rendent compte. Les revues, pourtant, commen\u00e7aient \u00e0 s\u2019essouffler\u2026 Et, parmi ces magazines, ce sont peut-\u00eatre bien les revues dites pour \u00ab\u00a0filles\u00a0\u00bb qui, les premi\u00e8res, ont vu qu\u2019une \u00e9poque \u00e9tait en train de se terminer. Leur parution a encore surv\u00e9cu quelque temps, les \u00e9diteurs se sont efforc\u00e9s de pr\u00e9senter plus de personnages f\u00e9minins, comme \u00ab\u00a0les jumelles\u00a0\u00bb dessin\u00e9es par Janine Lay.<\/p>\n\n\n<div class=\"wp-block-image\">\n<figure class=\"aligncenter size-full\"><img data-recalc-dims=\"1\" loading=\"lazy\" decoding=\"async\" width=\"768\" height=\"334\" src=\"https:\/\/i0.wp.com\/bd-chroniques.be\/wp-content\/uploads\/2025\/04\/conf14.jpg?resize=768%2C334&#038;ssl=1\" alt=\"\" class=\"wp-image-10015\" srcset=\"https:\/\/i0.wp.com\/bd-chroniques.be\/wp-content\/uploads\/2025\/04\/conf14.jpg?w=800&amp;ssl=1 800w, https:\/\/i0.wp.com\/bd-chroniques.be\/wp-content\/uploads\/2025\/04\/conf14.jpg?resize=300%2C131&amp;ssl=1 300w, https:\/\/i0.wp.com\/bd-chroniques.be\/wp-content\/uploads\/2025\/04\/conf14.jpg?resize=768%2C334&amp;ssl=1 768w\" sizes=\"auto, (max-width: 768px) 100vw, 768px\" \/><figcaption class=\"wp-element-caption\">les jumelles<\/figcaption><\/figure>\n<\/div>\n\n\n<p>Mais, irr\u00e9m\u00e9diablement, comme allait le chanter Dylan, le monde et les temps changeaient\u2026 Plus de mi\u00e8vreries souriantes et morales\u2026<\/p>\n\n\n<div class=\"wp-block-image\">\n<figure class=\"aligncenter size-large\"><img data-recalc-dims=\"1\" loading=\"lazy\" decoding=\"async\" width=\"768\" height=\"1001\" src=\"https:\/\/i0.wp.com\/bd-chroniques.be\/wp-content\/uploads\/2025\/04\/conf15.jpg?resize=768%2C1001&#038;ssl=1\" alt=\"\" class=\"wp-image-10016\" srcset=\"https:\/\/i0.wp.com\/bd-chroniques.be\/wp-content\/uploads\/2025\/04\/conf15.jpg?resize=786%2C1024&amp;ssl=1 786w, https:\/\/i0.wp.com\/bd-chroniques.be\/wp-content\/uploads\/2025\/04\/conf15.jpg?resize=230%2C300&amp;ssl=1 230w, https:\/\/i0.wp.com\/bd-chroniques.be\/wp-content\/uploads\/2025\/04\/conf15.jpg?resize=768%2C1000&amp;ssl=1 768w, https:\/\/i0.wp.com\/bd-chroniques.be\/wp-content\/uploads\/2025\/04\/conf15.jpg?w=850&amp;ssl=1 850w\" sizes=\"auto, (max-width: 768px) 100vw, 768px\" \/><figcaption class=\"wp-element-caption\">belle du ballet<\/figcaption><\/figure>\n<\/div>\n\n\n<p>Plus de revues et magazines qui, malgr\u00e9 des efforts louables, ne collaient plus \u00e0 la r\u00e9alit\u00e9 de jeunes filles ancr\u00e9es, de plus en plus, dans une r\u00e9alit\u00e9 active et intellectuelle. Les filles comme les gar\u00e7ons allaient \u00e0 l\u2019\u00e9cole, pour des cours identiques\u00a0! La mixit\u00e9 scolaire n\u2019allait, en Belgique du moins, pas arriver avant la fin des ann\u00e9es 70\u2026 Mais la jeunesse, elle, lentement mais s\u00fbrement, commen\u00e7ait \u00e0 ressentir les premiers frissons d\u2019une r\u00e9volte essentielle\u2026<\/p>\n\n\n<div class=\"wp-block-image\">\n<figure class=\"aligncenter size-full\"><img data-recalc-dims=\"1\" loading=\"lazy\" decoding=\"async\" width=\"650\" height=\"990\" src=\"https:\/\/i0.wp.com\/bd-chroniques.be\/wp-content\/uploads\/2025\/04\/conf16.jpg?resize=650%2C990&#038;ssl=1\" alt=\"\" class=\"wp-image-10018\" srcset=\"https:\/\/i0.wp.com\/bd-chroniques.be\/wp-content\/uploads\/2025\/04\/conf16.jpg?w=650&amp;ssl=1 650w, https:\/\/i0.wp.com\/bd-chroniques.be\/wp-content\/uploads\/2025\/04\/conf16.jpg?resize=197%2C300&amp;ssl=1 197w\" sizes=\"auto, (max-width: 650px) 100vw, 650px\" \/><figcaption class=\"wp-element-caption\">lisette magazine<\/figcaption><\/figure>\n<\/div>\n\n\n<p>Des revues comme Tintin et Spirou, d\u00e8s lors, commenc\u00e8rent \u00e0 changer de ton\u2026 Des h\u00e9ros nouveaux apparurent qui corrigeaient \u00e0 leur mani\u00e8re les codes bien \u00e9tablis d\u2019une bande dessin\u00e9e qu\u2019on n\u2019appelait pas encore art. Ce fut \u00ab\u00a0Line\u00a0\u00bb, h\u00e9ro\u00efne encore classique dessin\u00e9e par Cuvelier, mais dans laquelle toute une g\u00e9n\u00e9ration de jeunes filles s\u2019est reconnue.<\/p>\n\n\n<div class=\"wp-block-image\">\n<figure class=\"aligncenter size-full\"><img data-recalc-dims=\"1\" loading=\"lazy\" decoding=\"async\" width=\"500\" height=\"675\" src=\"https:\/\/i0.wp.com\/bd-chroniques.be\/wp-content\/uploads\/2025\/04\/conf17.jpg?resize=500%2C675&#038;ssl=1\" alt=\"\" class=\"wp-image-10019\" srcset=\"https:\/\/i0.wp.com\/bd-chroniques.be\/wp-content\/uploads\/2025\/04\/conf17.jpg?w=500&amp;ssl=1 500w, https:\/\/i0.wp.com\/bd-chroniques.be\/wp-content\/uploads\/2025\/04\/conf17.jpg?resize=222%2C300&amp;ssl=1 222w\" sizes=\"auto, (max-width: 500px) 100vw, 500px\" \/><figcaption class=\"wp-element-caption\">copyright cuvelier<\/figcaption><\/figure>\n<\/div>\n\n\n<p>Ce fut aussi Natacha qui fit, elle, r\u00eaver des g\u00e9n\u00e9rations de gar\u00e7ons\u2026 Et de filles r\u00eavant autant d\u2019aventures que d\u2019amour\u2026 Une h\u00e9ro\u00efne sexy, mais se conduisant dans la vie sans complexe et affirmant sa force et son intelligence, avec humour, face \u00e0 des hommes qui n\u2019en menaient jamais tr\u00e8s large\u2026<\/p>\n\n\n<div class=\"wp-block-image\">\n<figure class=\"aligncenter size-full\"><img data-recalc-dims=\"1\" loading=\"lazy\" decoding=\"async\" width=\"720\" height=\"986\" src=\"https:\/\/i0.wp.com\/bd-chroniques.be\/wp-content\/uploads\/2025\/04\/conf18.jpg?resize=720%2C986&#038;ssl=1\" alt=\"\" class=\"wp-image-10020\" srcset=\"https:\/\/i0.wp.com\/bd-chroniques.be\/wp-content\/uploads\/2025\/04\/conf18.jpg?w=720&amp;ssl=1 720w, https:\/\/i0.wp.com\/bd-chroniques.be\/wp-content\/uploads\/2025\/04\/conf18.jpg?resize=219%2C300&amp;ssl=1 219w\" sizes=\"auto, (max-width: 720px) 100vw, 720px\" \/><figcaption class=\"wp-element-caption\">copyright dupuis<\/figcaption><\/figure>\n<\/div>\n\n\n<p>Il y a eu aussi, ne l\u2019oublions pas, Yoko Tsuno, de Roger Leloup, une h\u00e9ro\u00efne scientifique, qui, \u00e0 sa mani\u00e8re, prenait la suite de Sophie, dessin\u00e9e par Jid\u00e9hem.<\/p>\n\n\n<div class=\"wp-block-image\">\n<figure class=\"aligncenter size-full\"><img data-recalc-dims=\"1\" loading=\"lazy\" decoding=\"async\" width=\"650\" height=\"926\" src=\"https:\/\/i0.wp.com\/bd-chroniques.be\/wp-content\/uploads\/2025\/04\/conf19.jpg?resize=650%2C926&#038;ssl=1\" alt=\"\" class=\"wp-image-10021\" srcset=\"https:\/\/i0.wp.com\/bd-chroniques.be\/wp-content\/uploads\/2025\/04\/conf19.jpg?w=650&amp;ssl=1 650w, https:\/\/i0.wp.com\/bd-chroniques.be\/wp-content\/uploads\/2025\/04\/conf19.jpg?resize=211%2C300&amp;ssl=1 211w\" sizes=\"auto, (max-width: 650px) 100vw, 650px\" \/><figcaption class=\"wp-element-caption\">copyright dupuis<\/figcaption><\/figure>\n<\/div>\n\n\n<p>Pour bien comprendre la rupture avec le pass\u00e9 qu\u2019ont repr\u00e9sent\u00e9e ces diff\u00e9rentes bandes dessin\u00e9es, il faut savoir qu\u2019il existait, en France, depuis 1949, une loi visant \u00e0 r\u00e9guler la diffusion de la presse jeunesse&#8230; Et que, dans la mani\u00e8re d\u2019appliquer cette loi, toute r\u00e9f\u00e9rence \u00e0 l\u2019\u00e9rotisme \u00e9tait malvenue. Comme, \u00e9videmment, toute r\u00e9f\u00e9rence \u00e0 des ruades dans les brancards de la bonne pens\u00e9e, de la bonne morale\u00a0! Et pourtant, quelques auteurs, donc, ont r\u00e9ussi \u00e0 passer \u00e0 travers les mailles de ce qu\u2019on n\u2019appelait pas la censure, mais qui y ressemblait quand m\u00eame pas mal\u00a0! C\u2019est, par exemple, en 1968 qu\u2019un h\u00e9ros po\u00e8te est apparu dans le journal de Tintin\u2026 Olivier Rameau, beau, intelligent, r\u00eaveur\u2026 Et amoureux de la sublime Colombe Tiredaile\u2026<\/p>\n\n\n<div class=\"wp-block-image\">\n<figure class=\"aligncenter size-large\"><img data-recalc-dims=\"1\" loading=\"lazy\" decoding=\"async\" width=\"768\" height=\"509\" src=\"https:\/\/i0.wp.com\/bd-chroniques.be\/wp-content\/uploads\/2025\/04\/conf20.jpg?resize=768%2C509&#038;ssl=1\" alt=\"\" class=\"wp-image-10023\" srcset=\"https:\/\/i0.wp.com\/bd-chroniques.be\/wp-content\/uploads\/2025\/04\/conf20.jpg?resize=1024%2C678&amp;ssl=1 1024w, https:\/\/i0.wp.com\/bd-chroniques.be\/wp-content\/uploads\/2025\/04\/conf20.jpg?resize=300%2C199&amp;ssl=1 300w, https:\/\/i0.wp.com\/bd-chroniques.be\/wp-content\/uploads\/2025\/04\/conf20.jpg?resize=768%2C508&amp;ssl=1 768w, https:\/\/i0.wp.com\/bd-chroniques.be\/wp-content\/uploads\/2025\/04\/conf20.jpg?resize=1536%2C1017&amp;ssl=1 1536w, https:\/\/i0.wp.com\/bd-chroniques.be\/wp-content\/uploads\/2025\/04\/conf20.jpg?w=1920&amp;ssl=1 1920w\" sizes=\"auto, (max-width: 768px) 100vw, 768px\" \/><figcaption class=\"wp-element-caption\">copyright lombard<\/figcaption><\/figure>\n<\/div>\n\n\n<p>Greg au sc\u00e9nario et Dany au dessin ont offert l\u00e0 \u00e0 la bande dessin\u00e9e une s\u00e9rie exceptionnelle, fra\u00eeche, pleine d\u2019une po\u00e9sie quotidienne charmante et charmeuse\u2026 Je vous parle d\u2019un temps o\u00f9 un \u00e9diteur ne choisissait pas de retirer de la vente un album qui se permettait \u00e0 la fois un soup\u00e7on de sensualit\u00e9 et un humour d\u00e9brid\u00e9 et caricatural\u2026 Les caricatures des personnages secondaires d\u2019Olivier Rameau pourraient, qui sait, aujourd\u2019hui, faire l\u2019objet de la censure que l\u2019\u00e9diteur Dupuis a impos\u00e9e au dernier album de Dany\u2026 Mais en 1968, tel n\u2019\u00e9tait pas le cas, et personne n\u2019aurait pu penser, ni homme ni femme, que Dany \u00e9tait un horrible macho raciste\u00a0! A l\u2019\u00e9poque, en 1968, le talent \u00e9tait une r\u00e9f\u00e9rence, ce qui est aujourd\u2019hui infiniment moins le cas\u2026 Fermons l\u00e0 une petite parenth\u00e8se personnelle\u2026<\/p>\n\n\n<div class=\"wp-block-image\">\n<figure class=\"aligncenter size-full\"><img data-recalc-dims=\"1\" loading=\"lazy\" decoding=\"async\" width=\"751\" height=\"1000\" src=\"https:\/\/i0.wp.com\/bd-chroniques.be\/wp-content\/uploads\/2025\/04\/conf21.jpg?resize=751%2C1000&#038;ssl=1\" alt=\"\" class=\"wp-image-10024\" srcset=\"https:\/\/i0.wp.com\/bd-chroniques.be\/wp-content\/uploads\/2025\/04\/conf21.jpg?w=751&amp;ssl=1 751w, https:\/\/i0.wp.com\/bd-chroniques.be\/wp-content\/uploads\/2025\/04\/conf21.jpg?resize=225%2C300&amp;ssl=1 225w\" sizes=\"auto, (max-width: 751px) 100vw, 751px\" \/><figcaption class=\"wp-element-caption\">copyright yslaire<\/figcaption><\/figure>\n<\/div>\n\n\n<p>Et soulignons avec plaisir l\u2019\u00e9volution de la bande dessin\u00e9e d\u2019alors, en une dizaine d\u2019ann\u00e9es. Avec, en 1978, une bd du jeune Bernard Hislaire qui nous racontait, po\u00e9tiquement aussi, une vraie histoire d\u2019amour adolescente\u2026 Bidouille et Violette\u2026 Un r\u00e9cit sans fioritures de deux ados d\u00e9couvrant la puissance de l\u2019amour, dans une cit\u00e9 et un environnement qui les jugent sur leur physique bien plus que sur leurs qualit\u00e9s\u2026 Dans cette s\u00e9rie, Violette s\u2019affirmait comme l\u2019\u00e9l\u00e9ment moteur du r\u00e9cit, comme le vrai personnage central. Dans l\u2019histoire de la bd comme dans celle de notre soci\u00e9t\u00e9, les ann\u00e9es 60 ont \u00e9t\u00e9, incontestablement, un moment important. Certes, mai 68 n\u2019a pas tenu toutes ses promesses, loin s\u2019en faut, et les vieux soixante-huitards ont tous, ou presque, reni\u00e9 leurs combats de l\u2019\u00e9poque\u00a0! Mais le slogan qui, pendant ce joli mois de mai, fleurissait sur les murs, \u00ab\u00a0il est interdit d\u2019interdire\u00a0\u00bb a permis que soit attaqu\u00e9e de front la censure qui, dans l\u2019ombre ou ouvertement, s\u00e9vissait alors.<\/p>\n\n\n<div class=\"wp-block-image\">\n<figure class=\"aligncenter size-large\"><img data-recalc-dims=\"1\" loading=\"lazy\" decoding=\"async\" width=\"768\" height=\"1006\" src=\"https:\/\/i0.wp.com\/bd-chroniques.be\/wp-content\/uploads\/2025\/04\/conf22.jpg?resize=768%2C1006&#038;ssl=1\" alt=\"\" class=\"wp-image-10025\" srcset=\"https:\/\/i0.wp.com\/bd-chroniques.be\/wp-content\/uploads\/2025\/04\/conf22.jpg?resize=782%2C1024&amp;ssl=1 782w, https:\/\/i0.wp.com\/bd-chroniques.be\/wp-content\/uploads\/2025\/04\/conf22.jpg?resize=229%2C300&amp;ssl=1 229w, https:\/\/i0.wp.com\/bd-chroniques.be\/wp-content\/uploads\/2025\/04\/conf22.jpg?resize=768%2C1006&amp;ssl=1 768w, https:\/\/i0.wp.com\/bd-chroniques.be\/wp-content\/uploads\/2025\/04\/conf22.jpg?w=800&amp;ssl=1 800w\" sizes=\"auto, (max-width: 768px) 100vw, 768px\" \/><figcaption class=\"wp-element-caption\">Barbarella de Forest<\/figcaption><\/figure>\n<\/div>\n\n\n<p>Rappelons-nous que Forest a cr\u00e9\u00e9, en 1962 je pense, le personnage de Barbarella, en un album qui, tr\u00e8s vite, dut \u00eatre r\u00e9imprim\u00e9 en y effa\u00e7ant les f\u00e9minit\u00e9s trop apparentes\u00a0! L\u2019\u00e9diteur Eric Losfeld, en \u00e9ditant cette h\u00e9ro\u00efne revendiquant ouvertement, sensuellement, sa libert\u00e9 sexuelle, a cependant ouvert une br\u00e8che dans la citadelle de la censure\u00a0! Une br\u00e8che dans laquelle se sont engouffr\u00e9s bien des auteurs pour y dessiner des r\u00e9cits plus pornographiques qu\u2019\u00e9rotiques\u00a0! M\u00eame si, dans ces parutions tr\u00e8s, comment dire, chaudes, des v\u00e9ritables artistes se sont r\u00e9v\u00e9l\u00e9s, comme Pichard, Levis, Manara, Magnus, force est de reconna\u00eetre que ce genre de bd, sortant de sa marginalit\u00e9, ne montrait dans son ensemble qu\u2019une image tr\u00e8s d\u00e9pendante de la femme, avec l\u2019alibi d\u2018en montrer l\u2019\u00e9mancipation, mais sexuelle uniquement\u00a0! Cela dit, cette lib\u00e9ration des m\u0153urs dans une soci\u00e9t\u00e9 qui revendiquait, en effet, la lib\u00e9ration sexuelle, en une \u00e9poque o\u00f9 le chanteur Antoine pr\u00e9conisait la vente en grand magasin de la pilule contraceptive, cette libert\u00e9 a eu ses effets, \u00e9galement, dans la bande dessin\u00e9e \u00ab\u00a0grand public\u00a0\u00bb\u2026 Et de fa\u00e7on infiniment moins machiste\u00a0! C\u2019est \u00e0 partir de cette d\u00e9cennie que l\u2019image de la femme, dans le neuvi\u00e8me art, a \u00e9volu\u00e9 avec une r\u00e9elle rapidit\u00e9\u2026 Oh, pas chez les grands classiques, ne r\u00eavons pas\u00a0! Herg\u00e9 n\u2019a introduit dans ses albums que des r\u00f4les f\u00e9minins tr\u00e8s secondaires, des silhouettes, pas grand-chose de plus\u2026 Giraud et Charlier, son sc\u00e9nariste, n\u2019ont en rien chang\u00e9 fondamentalement de leur h\u00e9ros Blueberry\u2026 Tibet n\u2019a pas donn\u00e9 beaucoup plus de consistance \u00e0 la petite amie de Ric Hochet, Nadine\u2026<\/p>\n\n\n<div class=\"wp-block-image\">\n<figure class=\"aligncenter size-full\"><img data-recalc-dims=\"1\" loading=\"lazy\" decoding=\"async\" width=\"600\" height=\"623\" src=\"https:\/\/i0.wp.com\/bd-chroniques.be\/wp-content\/uploads\/2025\/04\/conf23.jpg?resize=600%2C623&#038;ssl=1\" alt=\"\" class=\"wp-image-10027\" srcset=\"https:\/\/i0.wp.com\/bd-chroniques.be\/wp-content\/uploads\/2025\/04\/conf23.jpg?w=600&amp;ssl=1 600w, https:\/\/i0.wp.com\/bd-chroniques.be\/wp-content\/uploads\/2025\/04\/conf23.jpg?resize=289%2C300&amp;ssl=1 289w\" sizes=\"auto, (max-width: 600px) 100vw, 600px\" \/><figcaption class=\"wp-element-caption\">copyright lombard<\/figcaption><\/figure>\n<\/div>\n\n\n<p>Mais Christin et M\u00e9zi\u00e8res ont cr\u00e9\u00e9 Val\u00e9rian et Laureline, un homme et une femme \u00e9tant, \u00e0 deux, \u00e9gaux devant l\u2019aventure, devant la vie\u2026 Et l\u2019immense Tardi a peupl\u00e9 ses albums de femmes aux importances sc\u00e9naristiques essentielles, jusqu\u2019\u00e0 cr\u00e9er le personnage mythique d\u2019Ad\u00e8le Blanc-sec.<\/p>\n\n\n<div class=\"wp-block-image\">\n<figure class=\"aligncenter size-full\"><img data-recalc-dims=\"1\" loading=\"lazy\" decoding=\"async\" width=\"602\" height=\"809\" src=\"https:\/\/i0.wp.com\/bd-chroniques.be\/wp-content\/uploads\/2025\/04\/conf24.jpg?resize=602%2C809&#038;ssl=1\" alt=\"\" class=\"wp-image-10028\" srcset=\"https:\/\/i0.wp.com\/bd-chroniques.be\/wp-content\/uploads\/2025\/04\/conf24.jpg?w=602&amp;ssl=1 602w, https:\/\/i0.wp.com\/bd-chroniques.be\/wp-content\/uploads\/2025\/04\/conf24.jpg?resize=223%2C300&amp;ssl=1 223w\" sizes=\"auto, (max-width: 602px) 100vw, 602px\" \/><figcaption class=\"wp-element-caption\">copyright tardi<\/figcaption><\/figure>\n<\/div>\n\n\n<p>Et Greg et Hermann ont cr\u00e9\u00e9 la premi\u00e8re v\u00e9ritable h\u00e9ro\u00efne western, en la personne de Comanche.<\/p>\n\n\n<div class=\"wp-block-image\">\n<figure class=\"aligncenter size-full\"><img data-recalc-dims=\"1\" loading=\"lazy\" decoding=\"async\" width=\"520\" height=\"666\" src=\"https:\/\/i0.wp.com\/bd-chroniques.be\/wp-content\/uploads\/2025\/04\/conf25.jpg?resize=520%2C666&#038;ssl=1\" alt=\"\" class=\"wp-image-10029\" srcset=\"https:\/\/i0.wp.com\/bd-chroniques.be\/wp-content\/uploads\/2025\/04\/conf25.jpg?w=520&amp;ssl=1 520w, https:\/\/i0.wp.com\/bd-chroniques.be\/wp-content\/uploads\/2025\/04\/conf25.jpg?resize=234%2C300&amp;ssl=1 234w\" sizes=\"auto, (max-width: 520px) 100vw, 520px\" \/><figcaption class=\"wp-element-caption\">copyright le lombard<\/figcaption><\/figure>\n<\/div>\n\n\n<p>A partir de l\u00e0, les histoires racont\u00e9es en dessins vont, \u00e9videmment, s\u2019\u00e9loigner des sentiers battus, des habitudes \u00e9ditoriales. C\u2019est que, tout simplement, les m\u00f4mes, gar\u00e7ons ou filles, ont grandi avec la bd\u2026 Et lui donnent un sens, devenus adultes, m\u00e9lancolique peut-\u00eatre, mais existentiel aussi, que leurs parents ignoraient\u2026 C\u2019est l\u2019\u00e9poque pendant laquelle le terme \u00ab\u00a0petits mickeys\u00a0\u00bb va laisser la place \u00e0 celui de \u00ab\u00a0neuvi\u00e8me art\u00a0\u00bb. C\u2019est l\u2019\u00e9poque \u00e9galement, ces ann\u00e9es 60-70, des fanzines, petits opuscules imprim\u00e9s souvent n\u2019importe comment, et dans lesquels sont apparues les premi\u00e8res analyses \u00ab\u00a0s\u00e9rieuses\u00a0\u00bb des bd existantes\u2026 C\u2019est l\u2019\u00e9poque, aussi, pendant laquelle des tas de revues ont vu le jour, pour quelques num\u00e9ros ou plus, exp\u00e9rimentales ou aux ambitions \u00e9videntes\u2026 Des revues qui, en Europe, en francophonie, ont fait d\u00e9couvrir des auteurs qu\u2019on ne connaissait pas vraiment de ce c\u00f4t\u00e9-ci de l\u2019Atlantique.<\/p>\n\n\n<div class=\"wp-block-image\">\n<figure class=\"aligncenter size-full\"><img data-recalc-dims=\"1\" loading=\"lazy\" decoding=\"async\" width=\"610\" height=\"350\" src=\"https:\/\/i0.wp.com\/bd-chroniques.be\/wp-content\/uploads\/2025\/04\/conf26.jpg?resize=610%2C350&#038;ssl=1\" alt=\"\" class=\"wp-image-10030\" srcset=\"https:\/\/i0.wp.com\/bd-chroniques.be\/wp-content\/uploads\/2025\/04\/conf26.jpg?w=610&amp;ssl=1 610w, https:\/\/i0.wp.com\/bd-chroniques.be\/wp-content\/uploads\/2025\/04\/conf26.jpg?resize=300%2C172&amp;ssl=1 300w\" sizes=\"auto, (max-width: 610px) 100vw, 610px\" \/><figcaption class=\"wp-element-caption\">copyright schulz<\/figcaption><\/figure>\n<\/div>\n\n\n<p>Les Peanuts, de Schulz, par exemple\u2026 Un dessin simplifi\u00e9 pour des r\u00e9flexions en quelques cases qui \u00e9gratignent l\u2019image lisse de la grande Am\u00e9rique\u2026 Des revues qui ont fait d\u00e9couvrir, \u00e9galement, un auteur sud-am\u00e9ricain, Quino, et son humour noir et parfois d\u00e9sesp\u00e9rant, illustr\u00e9 par son personnage de Mafalda, une gamine \u00e0 la conscience politique et humaine tr\u00e8s pointue, tr\u00e8s engag\u00e9e\u2026<\/p>\n\n\n<div class=\"wp-block-image\">\n<figure class=\"aligncenter size-full\"><img data-recalc-dims=\"1\" loading=\"lazy\" decoding=\"async\" width=\"735\" height=\"1000\" src=\"https:\/\/i0.wp.com\/bd-chroniques.be\/wp-content\/uploads\/2025\/04\/conf27.jpg?resize=735%2C1000&#038;ssl=1\" alt=\"\" class=\"wp-image-10031\" srcset=\"https:\/\/i0.wp.com\/bd-chroniques.be\/wp-content\/uploads\/2025\/04\/conf27.jpg?w=735&amp;ssl=1 735w, https:\/\/i0.wp.com\/bd-chroniques.be\/wp-content\/uploads\/2025\/04\/conf27.jpg?resize=221%2C300&amp;ssl=1 221w\" sizes=\"auto, (max-width: 735px) 100vw, 735px\" \/><figcaption class=\"wp-element-caption\">copyright gl\u00e9nat<\/figcaption><\/figure>\n<\/div>\n\n\n<p>Je parlais de revues\u2026 Pilote, n\u00e9 bien avant, a \u00e9t\u00e9 le pr\u00e9curseur de cette foison de nouveaux auteurs, de nouvelles th\u00e9matiques, de nouvel humour. Goscinny et Gotlib y ont fait fleurir, v\u00e9ritablement, d\u2019Asterix \u00e0 la Rubrique \u00e0 brac, une bande dessin\u00e9e nouvelle, sans complexe, d\u00e9jant\u00e9e, m\u00ealant en ses pages des styles tr\u00e8s diff\u00e9rents les uns des autres. Et puis, il y a eu M\u00e9tal Hurlant, Curiosity House, V\u00e9cu, Circus, Mormoil, A Suivre, Charlie mensuel, L\u2019Echo des Savanes, etc., etc. Autant de titres dans lesquels se c\u00f4toyaient des auteurs aguerris et des nouveaux venus, des hommages \u00e0 la bd ancienne et des trouvailles graphiques et sc\u00e9naristiques qui rompaient avec le pass\u00e9\u2026 Il y a eu \u00e9galement une revue dans laquelle seules les femmes dessinaient, \u00e0 l\u2019exception d\u2019un homme invit\u00e9 dans chaque num\u00e9ro\u2026<\/p>\n\n\n<div class=\"wp-block-image\">\n<figure class=\"aligncenter size-large\"><img data-recalc-dims=\"1\" loading=\"lazy\" decoding=\"async\" width=\"768\" height=\"1015\" src=\"https:\/\/i0.wp.com\/bd-chroniques.be\/wp-content\/uploads\/2025\/04\/conf28.jpg?resize=768%2C1015&#038;ssl=1\" alt=\"\" class=\"wp-image-10033\" srcset=\"https:\/\/i0.wp.com\/bd-chroniques.be\/wp-content\/uploads\/2025\/04\/conf28.jpg?resize=775%2C1024&amp;ssl=1 775w, https:\/\/i0.wp.com\/bd-chroniques.be\/wp-content\/uploads\/2025\/04\/conf28.jpg?resize=227%2C300&amp;ssl=1 227w, https:\/\/i0.wp.com\/bd-chroniques.be\/wp-content\/uploads\/2025\/04\/conf28.jpg?resize=768%2C1015&amp;ssl=1 768w, https:\/\/i0.wp.com\/bd-chroniques.be\/wp-content\/uploads\/2025\/04\/conf28.jpg?resize=1162%2C1536&amp;ssl=1 1162w, https:\/\/i0.wp.com\/bd-chroniques.be\/wp-content\/uploads\/2025\/04\/conf28.jpg?w=1400&amp;ssl=1 1400w\" sizes=\"auto, (max-width: 768px) 100vw, 768px\" \/><figcaption class=\"wp-element-caption\">ah nana<\/figcaption><\/figure>\n<\/div>\n\n\n<p>Cela s\u2019appelait \u00ab\u00a0Ah Nana\u00a0\u00bb, et son contenu libre, libertaire m\u00eame, a provoqu\u00e9 un retour de la censure, avec une interdiction de vente aux mineurs\u2026 De ce fait, cette exp\u00e9rience \u00e9ditoriale f\u00e9minine et f\u00e9ministe n\u2019a dur\u00e9 que le temps de neuf num\u00e9ros\u2026 Des num\u00e9ros qui se construisaient autour de th\u00e8mes dont l\u2019actualit\u00e9 reste de mise plus de quarante ans plus tard\u00a0! Le n\u00e9onazisme\u2026 L\u2019inceste\u2026 La transidentit\u00e9\u2026 Dans ce magazine exceptionnel dans sa d\u00e9marche comme dans la qualit\u00e9 de ses auteurs, des talents incontestables ont explos\u00e9\u00a0: Chantal Montellier, \u00e9ternelle r\u00e9volt\u00e9e au dessin noir et blanc frontal et brutal\u2026 Florence Cestac m\u00ealant toujours actualit\u00e9, \u00e9rotisme et humour dans des histoires n\u2019existant que par leurs personnages f\u00e9minins\u2026 L\u2019extraordinaire Nicole Claveloux, aussi, apportant \u00e0 la bande dessin\u00e9e un style et une couleur presque psych\u00e9d\u00e9liques parfois, extr\u00eamement po\u00e9tiques aussi, pour des r\u00e9cits flirtant avec toutes les angoisses de cette \u00e9poque\u2026 Tout cela me conduit, tranquillement, \u00e0 la seconde partie que je voulais aborder\u2026 Les autrices de bd\u2026 Les femmes qui, au fil des ann\u00e9es, se sont impos\u00e9es comme parties prenantes d\u2019un art en continuelle transformation, comme tous les arts d\u2019ailleurs\u00a0!<\/p>\n\n\n<div class=\"wp-block-image\">\n<figure class=\"aligncenter size-large\"><img data-recalc-dims=\"1\" loading=\"lazy\" decoding=\"async\" width=\"768\" height=\"954\" src=\"https:\/\/i0.wp.com\/bd-chroniques.be\/wp-content\/uploads\/2025\/04\/conf29.jpg?resize=768%2C954&#038;ssl=1\" alt=\"\" class=\"wp-image-10034\" srcset=\"https:\/\/i0.wp.com\/bd-chroniques.be\/wp-content\/uploads\/2025\/04\/conf29-scaled.jpg?resize=824%2C1024&amp;ssl=1 824w, https:\/\/i0.wp.com\/bd-chroniques.be\/wp-content\/uploads\/2025\/04\/conf29-scaled.jpg?resize=241%2C300&amp;ssl=1 241w, https:\/\/i0.wp.com\/bd-chroniques.be\/wp-content\/uploads\/2025\/04\/conf29-scaled.jpg?resize=768%2C955&amp;ssl=1 768w, https:\/\/i0.wp.com\/bd-chroniques.be\/wp-content\/uploads\/2025\/04\/conf29-scaled.jpg?resize=1236%2C1536&amp;ssl=1 1236w, https:\/\/i0.wp.com\/bd-chroniques.be\/wp-content\/uploads\/2025\/04\/conf29-scaled.jpg?resize=1647%2C2048&amp;ssl=1 1647w, https:\/\/i0.wp.com\/bd-chroniques.be\/wp-content\/uploads\/2025\/04\/conf29-scaled.jpg?w=1536&amp;ssl=1 1536w\" sizes=\"auto, (max-width: 768px) 100vw, 768px\" \/><figcaption class=\"wp-element-caption\">copyright dargaud<\/figcaption><\/figure>\n<\/div>\n\n\n<p>Parmi elles, Claire Bret\u00e9cher, bien entendu\u00a0! Une dessinatrice au trait souple et rapide, presque un trait de dessin de presse\u2026 Une dessinatrice qui a commenc\u00e9 dans les ann\u00e9es 70 dans le magazine Spirou, avec la complicit\u00e9 de Cauvin\u2026 Une dessinatrice qui, tr\u00e8s vite, a affirm\u00e9 son \u00e9tat de femme au travers d\u2019albums nombreux, d\u2019h\u00e9ro\u00efnes quotidiennes comme Cellulite dans Pilote, comme les Frustr\u00e9s, Agrippine\u2026 Autant d\u2019albums dans lesquels Bret\u00e9cher \u00e9gratigne, avec un humour qui reste tr\u00e8s tendre, le quotidien des femmes dans une soci\u00e9t\u00e9 qui cherche sans cesse \u00e0 ne pas les regarder\u2026 J\u2019ai eu le plaisir, il n\u2019y a pas d\u2019autre mot, d\u2019un jour tendre mon micro \u00e0 deux vraies pionni\u00e8res, et du neuvi\u00e8me art, et de la pr\u00e9sence essentielle de la femme dans cette forme de culture populaire\u00a0! Annie Goetzinger, d\u2019abord\u2026<\/p>\n\n\n<div class=\"wp-block-image\">\n<figure class=\"aligncenter size-full\"><img data-recalc-dims=\"1\" loading=\"lazy\" decoding=\"async\" width=\"600\" height=\"773\" src=\"https:\/\/i0.wp.com\/bd-chroniques.be\/wp-content\/uploads\/2025\/04\/conf30.jpg?resize=600%2C773&#038;ssl=1\" alt=\"\" class=\"wp-image-10036\" srcset=\"https:\/\/i0.wp.com\/bd-chroniques.be\/wp-content\/uploads\/2025\/04\/conf30.jpg?w=600&amp;ssl=1 600w, https:\/\/i0.wp.com\/bd-chroniques.be\/wp-content\/uploads\/2025\/04\/conf30.jpg?resize=233%2C300&amp;ssl=1 233w\" sizes=\"auto, (max-width: 600px) 100vw, 600px\" \/><figcaption class=\"wp-element-caption\">copyright dargaud<\/figcaption><\/figure>\n<\/div>\n\n\n<p>El\u00e8ve de Pichard, elle a impos\u00e9 un style tr\u00e8s hi\u00e9ratique parfois pour des histoires, avec l\u2019aide de quelques sc\u00e9naristes importants, dans lesquelles elle abordait, \u00e0 sa mani\u00e8re, la place de la femme\u2026 Elle fit ainsi le portrait de George Sand, mais aussi celui d\u2019une aventuri\u00e8re sans foi ni loi, F\u00e9lina\u2026 Celui de Casque d\u2019Or, \u00e9galement\u2026<\/p>\n\n\n<div class=\"wp-block-image\">\n<figure class=\"aligncenter size-full\"><img data-recalc-dims=\"1\" loading=\"lazy\" decoding=\"async\" width=\"688\" height=\"450\" src=\"https:\/\/i0.wp.com\/bd-chroniques.be\/wp-content\/uploads\/2025\/04\/conf31.jpeg?resize=688%2C450&#038;ssl=1\" alt=\"\" class=\"wp-image-10037\" srcset=\"https:\/\/i0.wp.com\/bd-chroniques.be\/wp-content\/uploads\/2025\/04\/conf31.jpeg?w=688&amp;ssl=1 688w, https:\/\/i0.wp.com\/bd-chroniques.be\/wp-content\/uploads\/2025\/04\/conf31.jpeg?resize=300%2C196&amp;ssl=1 300w\" sizes=\"auto, (max-width: 688px) 100vw, 688px\" \/><figcaption class=\"wp-element-caption\">copyright cestac<\/figcaption><\/figure>\n<\/div>\n\n\n<p>J\u2019ai aussi rencontr\u00e9 Florence Cestac, \u00e0 l\u2019occasion d\u2019un livre qui racontait son pass\u00e9 de jeune fille\u2026 \u00ab\u00a0Filles des oiseaux\u00a0\u00bb est, au-del\u00e0 du c\u00f4t\u00e9 anecdotique du r\u00e9cit, l\u2019histoire d\u2019une \u00e9mancipation. J\u2019ai rencontr\u00e9 avec elle une femme tout en sourires, une femme libre, une femme aimant, sans besoin de quelque alibi que ce soit, que l\u2019\u00e9rotisme fasse aussi, mais avec humour et d\u00e9lire, partie de la r\u00e9alit\u00e9 de la bd f\u00e9minine\u2026<\/p>\n\n\n<div class=\"wp-block-image\">\n<figure class=\"aligncenter size-full\"><img data-recalc-dims=\"1\" loading=\"lazy\" decoding=\"async\" width=\"400\" height=\"563\" src=\"https:\/\/i0.wp.com\/bd-chroniques.be\/wp-content\/uploads\/2025\/04\/conf32.jpg?resize=400%2C563&#038;ssl=1\" alt=\"\" class=\"wp-image-10038\" srcset=\"https:\/\/i0.wp.com\/bd-chroniques.be\/wp-content\/uploads\/2025\/04\/conf32.jpg?w=400&amp;ssl=1 400w, https:\/\/i0.wp.com\/bd-chroniques.be\/wp-content\/uploads\/2025\/04\/conf32.jpg?resize=213%2C300&amp;ssl=1 213w\" sizes=\"auto, (max-width: 400px) 100vw, 400px\" \/><figcaption class=\"wp-element-caption\">copyright cestac<\/figcaption><\/figure>\n<\/div>\n\n\n<p>Ce sont ces autrices-l\u00e0 qui ont ouvert la porte \u00e0 la fois \u00e0 des femmes de plus en plus nombreuses dans la cr\u00e9ation bd, et \u00e0 la fois \u00e0 des sujets de plus en plus centr\u00e9s sur la r\u00e9alit\u00e9 de nos quotidiens\u2026 Ces pionni\u00e8res furent f\u00e9ministes, sans aucun doute, mais sans haine jamais, \u00e0 l\u2019image d\u2019Anne Sylvestre, de Barbara, de Colette Magny, chanteuses engag\u00e9es autant po\u00e9tiquement que f\u00e9mininement\u2026 Les ann\u00e9es passent, les modes changent, mais les notions d\u2019\u00e9galit\u00e9 entre les sexes, elles, ont continu\u00e9 \u00e0 \u00e9voluer. Nous voici au vingt-et-uni\u00e8me si\u00e8cle\u2026 Nous voici, dans les environnements du neuvi\u00e8me art, dans des \u00e9volutions qui ne peuvent plus enclencher la marche en arri\u00e8re. Parce que la soci\u00e9t\u00e9 elle-m\u00eame a chang\u00e9, de regard, de lois\u2026 Parce que la parole a \u00e9t\u00e9 lib\u00e9r\u00e9e, comme le serinent \u00e0 tout va celles et ceux qui s\u2019\u00e9coutent parler\u2026 Parce que cette lib\u00e9ration de parole est malgr\u00e9 tout essentielle, m\u00eame s\u2019il faudra bien qu\u2019un jour elle se d\u00e9cide \u00e0 ne pas d\u00e9boucher sur la haine\u2026 La lib\u00e9ration de la parole, donc l\u2019expression d\u2019une libert\u00e9 individuelle importante, c\u2019est un pas en avant vers la reconnaissance de la diff\u00e9rence\u2026 Un pas qui, parfois, se fait de nos jour terriblement extr\u00e9miste\u2026 Sans nuance, ai-je envie de dire\u2026 Mais c\u2019est peut-\u00eatre cette absence de tol\u00e9rance qui peut, bient\u00f4t, amener \u00e0 une soci\u00e9t\u00e9 plus solidaire, plus ouverte, moins suiveuse de quelques hyst\u00e9riques soucieux, ou soucieuses, uniquement de leur bien-\u00eatre, de leur pouvoir\u2026 L\u00e0, je ne parlais pas, loin s\u2019en faut, de la bande dessin\u00e9e\u2026 Mais force est de reconna\u00eetre que ce wokisme qui se veut omnipr\u00e9sent am\u00e8ne le retour de censures imb\u00e9ciles\u2026 J\u2019ai parl\u00e9 du Spirou de Dany et Yann, qui, pourtant, en forme de caricature, mettait en \u00e9vidence aussi le combat des femmes\u2026<\/p>\n\n\n<div class=\"wp-block-image\">\n<figure class=\"aligncenter size-large\"><img data-recalc-dims=\"1\" loading=\"lazy\" decoding=\"async\" width=\"768\" height=\"423\" src=\"https:\/\/i0.wp.com\/bd-chroniques.be\/wp-content\/uploads\/2025\/04\/conf33.jpg?resize=768%2C423&#038;ssl=1\" alt=\"\" class=\"wp-image-10039\" srcset=\"https:\/\/i0.wp.com\/bd-chroniques.be\/wp-content\/uploads\/2025\/04\/conf33.jpg?resize=1024%2C564&amp;ssl=1 1024w, https:\/\/i0.wp.com\/bd-chroniques.be\/wp-content\/uploads\/2025\/04\/conf33.jpg?resize=300%2C165&amp;ssl=1 300w, https:\/\/i0.wp.com\/bd-chroniques.be\/wp-content\/uploads\/2025\/04\/conf33.jpg?resize=768%2C423&amp;ssl=1 768w, https:\/\/i0.wp.com\/bd-chroniques.be\/wp-content\/uploads\/2025\/04\/conf33.jpg?w=1400&amp;ssl=1 1400w\" sizes=\"auto, (max-width: 768px) 100vw, 768px\" \/><figcaption class=\"wp-element-caption\">copyright bamboo<\/figcaption><\/figure>\n<\/div>\n\n\n<p>Je pourrais aussi parler de la s\u00e9rie \u00ab\u00a0Boule \u00e0 z\u00e9ro\u00a0\u00bb, dont l\u2019h\u00e9ro\u00efne est une adolescente qui a l\u2019air d\u2019une petite fille, et qui est atteinte de cancer\u2026 Une adolescente qu\u2019on voit, d\u2019album en album, vivre dans un milieu hospitalier o\u00f9 sa pr\u00e9sence permet un vrai m\u00e9lange des gens, des \u00e2ges, des origines, dans une forme de solidarit\u00e9 que l\u2019injustice de la souffrance et de la maladie cr\u00e9e\u2026 Et une imb\u00e9cile, il n\u2019y a pas d\u2019autre mot, une extr\u00e9miste influenceuse a voulu faire interdire cette s\u00e9rie exceptionnelle, la traitant de raciste\u2026 La parole peut se lib\u00e9rer, mais il faudrait, en m\u00eame temps, qu\u2019on apprenne \u00e0 ces gens qui ne sont qu\u2019extr\u00e9mistes, \u00e0 lire, \u00e0 comprendre les mots et les images\u00a0! Ce qui peut aider les gens \u00e0 lire \u00ab\u00a0vraiment\u00a0\u00bb, ce sont aussi toutes ces autrices qui, de nos jours, publient des bandes dessin\u00e9es d\u00e9passant la simple mode que les \u00e9diteurs croient poursuivre\u2026 Des autrices qui usent du m\u00e9dia qu\u2019est le neuvi\u00e8me art en utilisant ses codes, sans d\u00e9naturer la qualit\u00e9 qu\u2019une \u0153uvre doit avoir pour \u00eatre importante\u00a0: qualit\u00e9 du graphisme, du texte, de la construction narrative\u2026<\/p>\n\n\n<div class=\"wp-block-image\">\n<figure class=\"aligncenter size-full\"><img data-recalc-dims=\"1\" loading=\"lazy\" decoding=\"async\" width=\"400\" height=\"571\" src=\"https:\/\/i0.wp.com\/bd-chroniques.be\/wp-content\/uploads\/2025\/04\/conf34.jpg?resize=400%2C571&#038;ssl=1\" alt=\"\" class=\"wp-image-10040\" srcset=\"https:\/\/i0.wp.com\/bd-chroniques.be\/wp-content\/uploads\/2025\/04\/conf34.jpg?w=400&amp;ssl=1 400w, https:\/\/i0.wp.com\/bd-chroniques.be\/wp-content\/uploads\/2025\/04\/conf34.jpg?resize=210%2C300&amp;ssl=1 210w\" sizes=\"auto, (max-width: 400px) 100vw, 400px\" \/><figcaption class=\"wp-element-caption\">copyright casterman<\/figcaption><\/figure>\n<\/div>\n\n\n<p>Je pense par exemple \u00e0 Catel\u2026 Avec son complice Bocquet, cela fait des ann\u00e9es qu\u2019elle nous plonge, \u00e0 sa suite, dans des biographies de femmes qui ont influ\u00e9, toutes, sur le cours de notre histoire humaine.<\/p>\n\n\n<div class=\"wp-block-image\">\n<figure class=\"aligncenter size-large\"><img data-recalc-dims=\"1\" loading=\"lazy\" decoding=\"async\" width=\"747\" height=\"1024\" src=\"https:\/\/i0.wp.com\/bd-chroniques.be\/wp-content\/uploads\/2025\/04\/conf35.jpg?resize=747%2C1024&#038;ssl=1\" alt=\"\" class=\"wp-image-10041\" srcset=\"https:\/\/i0.wp.com\/bd-chroniques.be\/wp-content\/uploads\/2025\/04\/conf35.jpg?resize=747%2C1024&amp;ssl=1 747w, https:\/\/i0.wp.com\/bd-chroniques.be\/wp-content\/uploads\/2025\/04\/conf35.jpg?resize=219%2C300&amp;ssl=1 219w, https:\/\/i0.wp.com\/bd-chroniques.be\/wp-content\/uploads\/2025\/04\/conf35.jpg?resize=768%2C1053&amp;ssl=1 768w, https:\/\/i0.wp.com\/bd-chroniques.be\/wp-content\/uploads\/2025\/04\/conf35.jpg?resize=1120%2C1536&amp;ssl=1 1120w, https:\/\/i0.wp.com\/bd-chroniques.be\/wp-content\/uploads\/2025\/04\/conf35.jpg?resize=1494%2C2048&amp;ssl=1 1494w, https:\/\/i0.wp.com\/bd-chroniques.be\/wp-content\/uploads\/2025\/04\/conf35.jpg?w=1867&amp;ssl=1 1867w\" sizes=\"auto, (max-width: 747px) 100vw, 747px\" \/><figcaption class=\"wp-element-caption\">copyright casterman<\/figcaption><\/figure>\n<\/div>\n\n\n<p>Je pense aussi \u00e0 un livre que j\u2019ai lu r\u00e9cemment, \u00ab\u00a0On ne parle pas de ces choses-l\u00e0\u00a0\u00bb, de Marine Courtade et Alexandra Petit, une bande dessin\u00e9e forte, profonde, qui aborde, avec pudeur mais intelligence, la r\u00e9alit\u00e9 de l\u2019inceste et, surtout, la douleur du silence qui entoure cet acte r\u00e9pugnant. Je pense \u00e0 des dessinatrices exceptionnelles, comme la n\u00e9erlandaise Aim\u00e9e De Jongh dont chaque nouvel album est un \u00e9blouissement.<\/p>\n\n\n<div class=\"wp-block-image\">\n<figure class=\"aligncenter size-full\"><img data-recalc-dims=\"1\" loading=\"lazy\" decoding=\"async\" width=\"600\" height=\"847\" src=\"https:\/\/i0.wp.com\/bd-chroniques.be\/wp-content\/uploads\/2025\/04\/image-19.png?resize=600%2C847&#038;ssl=1\" alt=\"\" class=\"wp-image-10043\" srcset=\"https:\/\/i0.wp.com\/bd-chroniques.be\/wp-content\/uploads\/2025\/04\/image-19.png?w=600&amp;ssl=1 600w, https:\/\/i0.wp.com\/bd-chroniques.be\/wp-content\/uploads\/2025\/04\/image-19.png?resize=213%2C300&amp;ssl=1 213w\" sizes=\"auto, (max-width: 600px) 100vw, 600px\" \/><figcaption class=\"wp-element-caption\">copyright casterman<\/figcaption><\/figure>\n<\/div>\n\n\n<p>Je pense aussi \u00e0 L\u00e9onie Bischoff, au talent \u00e9poustouflant de douceur dans le trait, de profondeur dans la description qu\u2019elle fait des sentiments f\u00e9minins. Je pense aussi \u00e0 toutes ces autrices de livres pour jeune public qui ont coup\u00e9 les ponts avec le pass\u00e9 pour aborder, avec finesse et tendresse bien souvent, les r\u00e9alit\u00e9s de la vie des femmes, des jeunes filles. La s\u00e9rie Violette, par exemple, d\u2019Emilie Clarke, destin\u00e9e \u00e0 des adolescents, aborde avec humour et l\u00e9g\u00e8ret\u00e9 des sujets pourtant graves.<\/p>\n\n\n<div class=\"wp-block-image\">\n<figure class=\"aligncenter size-full\"><img data-recalc-dims=\"1\" loading=\"lazy\" decoding=\"async\" width=\"400\" height=\"537\" src=\"https:\/\/i0.wp.com\/bd-chroniques.be\/wp-content\/uploads\/2025\/04\/CONF37.jpg?resize=400%2C537&#038;ssl=1\" alt=\"\" class=\"wp-image-10044\" srcset=\"https:\/\/i0.wp.com\/bd-chroniques.be\/wp-content\/uploads\/2025\/04\/CONF37.jpg?w=400&amp;ssl=1 400w, https:\/\/i0.wp.com\/bd-chroniques.be\/wp-content\/uploads\/2025\/04\/CONF37.jpg?resize=223%2C300&amp;ssl=1 223w\" sizes=\"auto, (max-width: 400px) 100vw, 400px\" \/><figcaption class=\"wp-element-caption\">copyright biscoto<\/figcaption><\/figure>\n<\/div>\n\n\n<p>L\u2019avenir de la bande dessin\u00e9e passe d\u00e9sormais \u00e9galement par la femme\u2026 Dans sa pr\u00e9sence dessin\u00e9e, bien entendu, loin des clich\u00e9s sexistes qui, c\u2019est vrai, existaient auparavant\u2026 Et qui, ne le nions pas non plus, ont \u00e9t\u00e9 pr\u00e9sents dans d\u2019excellentes bandes dessin\u00e9es anciennes, correspondant simplement, donc naturellement, \u00e0 l\u2019\u00e9poque o\u00f9 elles ont \u00e9t\u00e9 produites. Mais je le disais plus haut&nbsp;: les \u00e9diteurs ont souvent tendance \u00e0 suivre les modes\u2026 C\u2019est un peu le cas aujourd\u2019hui o\u00f9 les \u00e9talages des librairies sp\u00e9cialis\u00e9es se couvrent de livres \u00ab&nbsp;f\u00e9minins&nbsp;\u00bb pas toujours bien dessin\u00e9s, pas toujours bien \u00e9crits\u2026 Mais que ces livres-l\u00e0 existent aussi, c\u2019est n\u00e9cessaire&nbsp;! Parce que cette litt\u00e9rature f\u00e9minine dessin\u00e9e ose parler de pas mal d\u2019injustices que, solidairement, hommes et femmes devraient combattre, encore et encore\u2026 La beaut\u00e9 d\u2019une culture ne r\u00e9side ni dans ses diktats de mode, ni dans ses censures, ni dans ses habitudes, mais dans la volont\u00e9 qu\u2019elle peut avoir de cultiver de la diff\u00e9rence toutes les beaut\u00e9s, tout l\u2019humanisme\u2026<\/p>\n\n\n\n<p>Et voici que se termine cette esp\u00e8ce de panorama, subjectif, qui, je l\u2019esp\u00e8re, vous a montr\u00e9 que l\u2019image de la femme dans l\u2019univers de la bande dessin\u00e9e a formidablement \u00e9volu\u00e9 ces derni\u00e8res ann\u00e9es\u2026 Et que cela \u00e9voluera encore, et dans le bon sens, celui du respect de toute diff\u00e9rence&nbsp;! Le paysage que je viens de vous tracer n\u2019a rien d\u2019exhaustif&nbsp;! Et me vient le regret d\u2019avoir oubli\u00e9 de vous parler de Jeannette Pointu, n\u00e9e en 1982 sous la plume de Marc Wasterlain. Une journaliste baroudeuse, \u00e0 la fois f\u00e9minine et f\u00e9ministe\u2026 J\u2019aurais pu aussi vous parler des femmes sc\u00e9naristes de bande dessin\u00e9e, et \u00e9pingler parmi elles Maryse Charles, complice d\u2019une belle efficacit\u00e9 depuis tr\u00e8s longtemps des albums de son mari, Jean-Fran\u00e7ois\u2026 Mais je me rends bien compte que, pour parler de la femme dans la bande dessin\u00e9e, pour en faire une approche plus compl\u00e8te que la mienne, il m\u2019aurait fallu \u00e9crire, pendant des mois et des mois, tout un essai\u2026 Et, finalement, je pense que des coups de c\u0153ur comme ceux que je viens de partager avec vous peuvent vous donner l\u2019envie de mieux d\u00e9couvrir ce monde foisonnant qu\u2019est celui du neuvi\u00e8me art&nbsp;! Et de lire, encore et encore&nbsp;!&#8230;<\/p>\n\n\n\n<p><strong>Jacques Schra\u00fbwen<\/strong><\/p>\n","protected":false},"excerpt":{"rendered":"<p>Quand on m\u2019a propos\u00e9 de vous parler de L\u2019image et de la place de la femme dans la bande dessin\u00e9e, j\u2019ai bien compris qu\u2019il serait impossible d\u2019en faire une analyse exhaustive, tant il est vrai que, comme dans tout art graphique, la femme, donc la f\u00e9minit\u00e9, ont une pr\u00e9sence importante\u2026 Une pr\u00e9sence, dans l\u2019\u00e9dition bd, [&hellip;]<\/p>\n","protected":false},"author":1,"featured_media":9998,"comment_status":"open","ping_status":"open","sticky":false,"template":"","format":"standard","meta":{"jetpack_post_was_ever_published":false,"_jetpack_newsletter_access":"","_jetpack_dont_email_post_to_subs":false,"_jetpack_newsletter_tier_id":0,"_jetpack_memberships_contains_paywalled_content":false,"_jetpack_memberships_contains_paid_content":false,"footnotes":"","jetpack_publicize_message":"","jetpack_publicize_feature_enabled":true,"jetpack_social_post_already_shared":true,"jetpack_social_options":{"image_generator_settings":{"template":"highway","default_image_id":0,"font":"","enabled":false},"version":2}},"categories":[40],"tags":[],"class_list":["post-9997","post","type-post","status-publish","format-standard","has-post-thumbnail","hentry","category-non-classe"],"jetpack_publicize_connections":[],"jetpack_featured_media_url":"https:\/\/i0.wp.com\/bd-chroniques.be\/wp-content\/uploads\/2025\/04\/femmes.jpg?fit=1160%2C725&ssl=1","jetpack_shortlink":"https:\/\/wp.me\/p8dqsu-2Bf","jetpack_likes_enabled":true,"jetpack_sharing_enabled":true,"_links":{"self":[{"href":"https:\/\/bd-chroniques.be\/index.php\/wp-json\/wp\/v2\/posts\/9997","targetHints":{"allow":["GET"]}}],"collection":[{"href":"https:\/\/bd-chroniques.be\/index.php\/wp-json\/wp\/v2\/posts"}],"about":[{"href":"https:\/\/bd-chroniques.be\/index.php\/wp-json\/wp\/v2\/types\/post"}],"author":[{"embeddable":true,"href":"https:\/\/bd-chroniques.be\/index.php\/wp-json\/wp\/v2\/users\/1"}],"replies":[{"embeddable":true,"href":"https:\/\/bd-chroniques.be\/index.php\/wp-json\/wp\/v2\/comments?post=9997"}],"version-history":[{"count":10,"href":"https:\/\/bd-chroniques.be\/index.php\/wp-json\/wp\/v2\/posts\/9997\/revisions"}],"predecessor-version":[{"id":10046,"href":"https:\/\/bd-chroniques.be\/index.php\/wp-json\/wp\/v2\/posts\/9997\/revisions\/10046"}],"wp:featuredmedia":[{"embeddable":true,"href":"https:\/\/bd-chroniques.be\/index.php\/wp-json\/wp\/v2\/media\/9998"}],"wp:attachment":[{"href":"https:\/\/bd-chroniques.be\/index.php\/wp-json\/wp\/v2\/media?parent=9997"}],"wp:term":[{"taxonomy":"category","embeddable":true,"href":"https:\/\/bd-chroniques.be\/index.php\/wp-json\/wp\/v2\/categories?post=9997"},{"taxonomy":"post_tag","embeddable":true,"href":"https:\/\/bd-chroniques.be\/index.php\/wp-json\/wp\/v2\/tags?post=9997"}],"curies":[{"name":"wp","href":"https:\/\/api.w.org\/{rel}","templated":true}]}}